{"id":523,"date":"2014-02-24T11:00:11","date_gmt":"2014-02-24T11:00:11","guid":{"rendered":"http:\/\/eec.cat\/blog\/?p=523"},"modified":"2014-03-04T04:24:57","modified_gmt":"2014-03-04T04:24:57","slug":"dia-dia-14-de-febrer-2-de-marc","status":"publish","type":"post","link":"https:\/\/eec.cat\/blog\/dia-dia-14-de-febrer-2-de-marc\/","title":{"rendered":"Dia a Dia. 24 de febrer &#8211; 2 de mar\u00e7"},"content":{"rendered":"<p><strong><span style=\"text-decoration: underline;\"><span style=\"color: #800080;\"><a href=\"http:\/\/eec.cat\/blog\/wp-content\/uploads\/2014\/02\/ejipto1.jpg\"><img loading=\"lazy\" decoding=\"async\" class=\"alignleft size-thumbnail wp-image-524\" alt=\"ejipto1\" src=\"http:\/\/eec.cat\/blog\/wp-content\/uploads\/2014\/02\/ejipto1-150x150.jpg\" width=\"150\" height=\"150\" \/><\/a>Dilluns, 24 de febrer<\/span><\/span><\/strong><\/p>\n<p>Salm 105, 1-7<\/p>\n<p>El Senyor \u00e9s el nostre D\u00e9u, aquell qui governa sobre el cel, el m\u00e9s poder\u00f3s i fort, el que \u00e9s per sobre de tot, Ell \u00e9s el nostre D\u00e9u. No hem de tindre por, no hem d\u2019acovardir-nos davant els problemes, el Totpoder\u00f3s \u00e9s el que ens acompanya i, durant tota la hist\u00f2ria, ha demostrar que en s\u00f3n de meravelloses les seves obres.<\/p>\n<p>&nbsp;<\/p>\n<p><span style=\"text-decoration: underline;\"><span style=\"color: #800080;\"><b>Dimarts, 25 de febrer<\/b><\/span><\/span><\/p>\n<p>Salm 106, 43-48<\/p>\n<p>La nostra infidelitat vers D\u00e9u no \u00e9s quelcom que haguem d\u2019amargar, hem de recon\u00e8ixer com ens allunyem d\u2019Ell i oblidem el nostre comprom\u00eds com a poble. Per\u00f2 Ell sempre est\u00e0 disposat a perdonar-nos, a tornar a beneir-nos, solament cal que ens donem la volta cap a Ell, que li demanem i tornar\u00e0 a salvar-nos.<\/p>\n<p>&nbsp;<\/p>\n<p><span style=\"text-decoration: underline;\"><span style=\"color: #800080;\"><b>Dimecres, 26 de febrer<\/b><\/span><\/span><\/p>\n<p>Salm108, 1-7<\/p>\n<p>El salmista, en mig de les dificultats, quan encara la salvaci\u00f3 de D\u00e9u no ha arribat, al\u00e7a la veu per cantar i lloar al Senyor, perqu\u00e8 la seva confian\u00e7a est\u00e0 en el D\u00e9u que sempre respon, perqu\u00e8 vegada rere vegada Ell a complert les seves promeses. Recordes quantes vegades t\u2019ha assolit la salvaci\u00f3 de D\u00e9u?<\/p>\n<p>&nbsp;<\/p>\n<p><span style=\"text-decoration: underline;\"><span style=\"color: #800080;\"><b>Dijous, 27 de febrer<\/b><\/span><\/span><\/p>\n<p>Salm 111<\/p>\n<p>Venerem D\u00e9u, el lloem i l\u2019adorem perqu\u00e8 Ell \u00e9s fidel al pacte que ha fet amb nosaltres, un pacte que va signar amb la persona del seu Fill. Ells ens ha redimit, ens ha donat la llibertat i per aix\u00f2 vivim en la confian\u00e7a de que el Senyor no ens fallar\u00e0, res el far\u00e0 tornar-se enrere de les seves promeses.<\/p>\n<p>&nbsp;<\/p>\n<p><span style=\"text-decoration: underline;\"><span style=\"color: #800080;\"><b>Divendres, 28 de febrer<\/b><\/span><\/span><\/p>\n<p>Salm 115, 9-15<\/p>\n<p>Confiem en el Senyor, perqu\u00e8 Ell no s\u2019ha oblidat de la seva creaci\u00f3. Ens coneix pel nostre nom, perqu\u00e8 Ell \u00e9s recorda de nosaltres sempre, en cada instant, no hi ha moment de la nostra vida en que no li siguem presents. Que ens faci cr\u00e9ixer en el seu coneixement, perqu\u00e8 aprenguem dia a dia a fomentar la nostra confian\u00e7a per espera la seva benedicci\u00f3.<\/p>\n<p>&nbsp;<\/p>\n<p><span style=\"text-decoration: underline;\"><span style=\"color: #800080;\"><b>Dissabte, 1 de mar\u00e7<\/b><\/span><\/span><\/p>\n<p>Salm 116, 1-7<\/p>\n<p>L\u2019esperan\u00e7a de la intervenci\u00f3 divina \u00e9s funda en la hist\u00f2ria d\u2019un D\u00e9u que mai ha abandonat al que pateix. En les nostres febleses Ell es manifesta com un D\u00e9u implicat amb nosaltres, \u00e9s en Ell que recobrem les forces, i que ens omplim d\u2019amor per a viure.<\/p>\n<p>&nbsp;<\/p>\n<p><span style=\"text-decoration: underline;\"><span style=\"color: #800080;\"><b>Diumenge, 2 de mar\u00e7<\/b><\/span><\/span><\/p>\n<p>Salm 117<\/p>\n<p>La senzillesa del salm est\u00e0 plena de contingut, l\u2019amor que el Senyor ens te, i la seva fidelitat per a mantenir-lo, m\u00e9s enll\u00e0 de les nostres errades, \u00e9s la ra\u00f3 suprema per a lloar-lo.<\/p>\n<p>&nbsp;<\/p>\n","protected":false},"excerpt":{"rendered":"<p>Dilluns, 24 de febrer Salm 105, 1-7 El Senyor \u00e9s el nostre D\u00e9u, aquell qui governa sobre el cel, el m\u00e9s poder\u00f3s i fort, el que \u00e9s per sobre de tot, Ell \u00e9s el nostre D\u00e9u. No hem de tindre por, no hem d\u2019acovardir-nos davant els problemes, el Totpoder\u00f3s \u00e9s el que ens acompanya i, [&hellip;]<\/p>\n","protected":false},"author":1,"featured_media":0,"comment_status":"open","ping_status":"open","sticky":false,"template":"","format":"standard","meta":{"_jetpack_memberships_contains_paid_content":false,"footnotes":""},"categories":[7],"tags":[],"class_list":["post-523","post","type-post","status-publish","format-standard","hentry","category-meditacions-diaries"],"jetpack_featured_media_url":"","jetpack_sharing_enabled":true,"_links":{"self":[{"href":"https:\/\/eec.cat\/blog\/wp-json\/wp\/v2\/posts\/523","targetHints":{"allow":["GET"]}}],"collection":[{"href":"https:\/\/eec.cat\/blog\/wp-json\/wp\/v2\/posts"}],"about":[{"href":"https:\/\/eec.cat\/blog\/wp-json\/wp\/v2\/types\/post"}],"author":[{"embeddable":true,"href":"https:\/\/eec.cat\/blog\/wp-json\/wp\/v2\/users\/1"}],"replies":[{"embeddable":true,"href":"https:\/\/eec.cat\/blog\/wp-json\/wp\/v2\/comments?post=523"}],"version-history":[{"count":0,"href":"https:\/\/eec.cat\/blog\/wp-json\/wp\/v2\/posts\/523\/revisions"}],"wp:attachment":[{"href":"https:\/\/eec.cat\/blog\/wp-json\/wp\/v2\/media?parent=523"}],"wp:term":[{"taxonomy":"category","embeddable":true,"href":"https:\/\/eec.cat\/blog\/wp-json\/wp\/v2\/categories?post=523"},{"taxonomy":"post_tag","embeddable":true,"href":"https:\/\/eec.cat\/blog\/wp-json\/wp\/v2\/tags?post=523"}],"curies":[{"name":"wp","href":"https:\/\/api.w.org\/{rel}","templated":true}]}}