{"id":506,"date":"2014-02-17T06:30:55","date_gmt":"2014-02-17T06:30:55","guid":{"rendered":"http:\/\/eec.cat\/blog\/?p=506"},"modified":"2014-02-16T21:22:55","modified_gmt":"2014-02-16T21:22:55","slug":"dia-dia-17-de-febrer-23-de-febrer","status":"publish","type":"post","link":"https:\/\/eec.cat\/blog\/dia-dia-17-de-febrer-23-de-febrer\/","title":{"rendered":"Dia a Dia. 17 de febrer &#8211; 23 de febrer."},"content":{"rendered":"<p><span style=\"text-decoration: underline;\"><span style=\"color: #800080;\"><b><a href=\"http:\/\/eec.cat\/blog\/wp-content\/uploads\/2014\/02\/camino.jpg\"><img loading=\"lazy\" decoding=\"async\" class=\"alignleft size-thumbnail wp-image-507\" alt=\"camino\" src=\"http:\/\/eec.cat\/blog\/wp-content\/uploads\/2014\/02\/camino-150x150.jpg\" width=\"150\" height=\"150\" \/><\/a>Dilluns, 17 de febrer<\/b><\/span><\/span><\/p>\n<p>Salm 94, 14-19<\/p>\n<p>El neguit treu el cap davant les dificultats, en mig del problemes i les angoixes, per\u00f2 D\u00e9u est\u00e0 disposat a oferir-nos el seu consol en mig de la tribulaci\u00f3. Ell no fuig del nostre dolor, tot el contrari, l\u2019abra\u00e7a per carregar-lo amb nosaltres, per fer-nos m\u00e9s lleugera la carrega.<\/p>\n<p>&nbsp;<\/p>\n<p><span style=\"text-decoration: underline;\"><span style=\"color: #800080;\"><b>Dimarts, 18 de febrer<\/b><\/span><\/span><\/p>\n<p>Salm 95, 1-7<\/p>\n<p>Us ha succe\u00eft alguna vegada all\u00f2 de que alg\u00fa comen\u00e7a a cantar i, sense saber ven be com, tots al seu voltant el segueixen? La m\u00fasica s\u2019encomana, ens uneix en una crida. Aix\u00ed ha de ser la nostra lloan\u00e7a, unim les veus per adorar el D\u00e9u que ens salva. Que el nostre cant encomani lloan\u00e7a a tot el que ens envolta.<\/p>\n<p>&nbsp;<\/p>\n<p><span style=\"text-decoration: underline;\"><span style=\"color: #800080;\"><b>Dimecres, 19 de febrer<\/b><\/span><\/span><\/p>\n<p>Salm 96<\/p>\n<p>Sents la m\u00fasica? Tota la terra lloa al Senyor, tota la creaci\u00f3 crida alhora, celebrant que seva vinguda. Ja s\u2019acosta la nostra salvaci\u00f3, la just\u00edcia ve a regnar i l\u2019amor a presidir tot el m\u00f3n. El nostre D\u00e9u \u00e9s el rei, en ell existeix tota la plenitud, en ell rebem totes les benediccions.<\/p>\n<p>&nbsp;<\/p>\n<p><span style=\"text-decoration: underline;\"><span style=\"color: #800080;\"><b>Dijous, 20 de febrer<\/b><\/span><\/span><\/p>\n<p>Salm 100<\/p>\n<p>El Senyor ens ha creat com un poble, no son pas les nostres aliances humanes les que ens uneixen, sin\u00f3 la seva voluntat de formar-nos com a comunitat. Per aix\u00f2 hem de treballar junts amb alegria, per aix\u00f2 hem de donar gr\u00e0cies tots plegats, amb un c\u00e0ntic que ompli el m\u00f3n del nostre testimoni.<\/p>\n<p>&nbsp;<\/p>\n<p><span style=\"text-decoration: underline;\"><span style=\"color: #800080;\"><b>Divendres, 21 de febrer<\/b><\/span><\/span><\/p>\n<p>Salm 102, 1-8<\/p>\n<p>La confian\u00e7a en D\u00e9u es manifesta tamb\u00e9 en la nostra capacitat de ser-li sincers. D\u00e9u no vol que fingim all\u00f2 que no sentim. En el moments de tristor no vol de nosaltres una falsa rialla que amagui el nostre dolor. Parlem amb Ell amb la confian\u00e7a d\u2019aquell que omple el nostre cor de consol i pau, D\u00e9u sempre est\u00e0 disposat a escoltar-nos.<\/p>\n<p>&nbsp;<\/p>\n<p><span style=\"text-decoration: underline;\"><span style=\"color: #800080;\"><b>Dissabte, 22 de febrer<\/b><\/span><\/span><\/p>\n<p>Salm 103, 1-10<\/p>\n<p>El perd\u00f3, la sanitat, la salvaci\u00f3, tot manifesta l\u2019amor de D\u00e9u vers nosaltres. En els moments de foscor no hem d\u2019oblidar que el Senyor \u00e9s la just\u00edcia, i que en Ell presideix la miseric\u00f2rdia. Encara que sigui en el fons del cor, no oblidem de beneir el nom d\u2019aquell que ens omple de favors.<\/p>\n<p>&nbsp;<\/p>\n<p><span style=\"text-decoration: underline;\"><span style=\"color: #800080;\"><b>Diumenge, 23 de febrer<\/b><\/span><\/span><\/p>\n<p>Salm 103, 11-22<\/p>\n<p>D\u00e9u ens estima, aquesta afirmaci\u00f3 ha de presidir els nostres moments dif\u00edcils i tamb\u00e9 les nostres errades. No hi ha culpa que D\u00e9u no ens perdoni, no hi ha falla que D\u00e9u no allunyi de nosaltres. Bene\u00efm D\u00e9u amb tota la creaci\u00f3, unim el nostre c\u00e0ntic per proclamar que l\u2019amor i la miseric\u00f2rdia s\u00f3n per sempre.<\/p>\n","protected":false},"excerpt":{"rendered":"<p>Dilluns, 17 de febrer Salm 94, 14-19 El neguit treu el cap davant les dificultats, en mig del problemes i les angoixes, per\u00f2 D\u00e9u est\u00e0 disposat a oferir-nos el seu consol en mig de la tribulaci\u00f3. Ell no fuig del nostre dolor, tot el contrari, l\u2019abra\u00e7a per carregar-lo amb nosaltres, per fer-nos m\u00e9s lleugera la [&hellip;]<\/p>\n","protected":false},"author":1,"featured_media":0,"comment_status":"open","ping_status":"open","sticky":false,"template":"","format":"standard","meta":{"_jetpack_memberships_contains_paid_content":false,"footnotes":""},"categories":[1],"tags":[],"class_list":["post-506","post","type-post","status-publish","format-standard","hentry","category-general"],"jetpack_featured_media_url":"","jetpack_sharing_enabled":true,"_links":{"self":[{"href":"https:\/\/eec.cat\/blog\/wp-json\/wp\/v2\/posts\/506","targetHints":{"allow":["GET"]}}],"collection":[{"href":"https:\/\/eec.cat\/blog\/wp-json\/wp\/v2\/posts"}],"about":[{"href":"https:\/\/eec.cat\/blog\/wp-json\/wp\/v2\/types\/post"}],"author":[{"embeddable":true,"href":"https:\/\/eec.cat\/blog\/wp-json\/wp\/v2\/users\/1"}],"replies":[{"embeddable":true,"href":"https:\/\/eec.cat\/blog\/wp-json\/wp\/v2\/comments?post=506"}],"version-history":[{"count":0,"href":"https:\/\/eec.cat\/blog\/wp-json\/wp\/v2\/posts\/506\/revisions"}],"wp:attachment":[{"href":"https:\/\/eec.cat\/blog\/wp-json\/wp\/v2\/media?parent=506"}],"wp:term":[{"taxonomy":"category","embeddable":true,"href":"https:\/\/eec.cat\/blog\/wp-json\/wp\/v2\/categories?post=506"},{"taxonomy":"post_tag","embeddable":true,"href":"https:\/\/eec.cat\/blog\/wp-json\/wp\/v2\/tags?post=506"}],"curies":[{"name":"wp","href":"https:\/\/api.w.org\/{rel}","templated":true}]}}