{"id":502,"date":"2014-02-09T22:11:12","date_gmt":"2014-02-09T22:11:12","guid":{"rendered":"http:\/\/eec.cat\/blog\/?p=502"},"modified":"2014-02-09T22:11:12","modified_gmt":"2014-02-09T22:11:12","slug":"dia-dia-10-de-febrer-16-de-febrer","status":"publish","type":"post","link":"https:\/\/eec.cat\/blog\/dia-dia-10-de-febrer-16-de-febrer\/","title":{"rendered":"Dia a Dia. 10 de febrer &#8211; 16 de febrer."},"content":{"rendered":"<p><span style=\"text-decoration: underline; color: #800080;\"><strong><span style=\"text-decoration: underline;\"><a href=\"http:\/\/eec.cat\/blog\/wp-content\/uploads\/2014\/02\/sombras.jpg\"><img loading=\"lazy\" decoding=\"async\" class=\"alignleft size-thumbnail wp-image-503\" alt=\"sombras\" src=\"http:\/\/eec.cat\/blog\/wp-content\/uploads\/2014\/02\/sombras-150x150.jpg\" width=\"150\" height=\"150\" \/><\/a>Dilluns, 10 de febrer<\/span><\/strong><\/span><\/p>\n<p>Salm 81, 14-17<\/p>\n<p>Sents una veu? Gira\u2019t. Has vist el cam\u00ed? Segueix-lo. La viu del Senyor ens vol parlar, els seus camins estan disposats perqu\u00e8 els transitem, solament hem d\u2019escoltar-lo, solament ens hem de deixar guiar per Ell. Ell ens espera, i no es cansar\u00e0.<\/p>\n<p>&nbsp;<\/p>\n<p><span style=\"text-decoration: underline;\"><span style=\"color: #800080;\"><b>Dimarts, 11 de febrer<\/b><\/span><\/span><\/p>\n<p>Salm 84, 1-8<\/p>\n<p>Viure amb D\u00e9u, aquest \u00e9s el gran do que se\u2019ns ha concedit. No \u00e9s un lloc, tampoc \u00e9s un temps, \u00e9s en tot indret i en tot moment que estem sota les seves ales. La seva pres\u00e8ncia \u00e9s un constant que ens d\u00f3na les forces per tirar endavant.<\/p>\n<p>&nbsp;<\/p>\n<p><span style=\"text-decoration: underline;\"><span style=\"color: #800080;\"><b>Dimecres, 12 de febrer<\/b><\/span><\/span><\/p>\n<p>Salm 85, 9-14<\/p>\n<p>L\u2019esperan\u00e7a d\u2019un m\u00f3n millor no \u00e9s el consol banal d\u2019uns insensats, \u00e9s la confian\u00e7a plena de que D\u00e9u far\u00e0 realitat totes les seves promeses. La felicitat arribar\u00e0 a cada rac\u00f3 d\u2019aquesta terra, la pau i la just\u00edcia regnaran perqu\u00e8 el nostre D\u00e9u \u00e9s fidel al seu amor.<\/p>\n<p>&nbsp;<\/p>\n<p><span style=\"text-decoration: underline;\"><span style=\"color: #800080;\"><b>Dijous, 13 de febrer<\/b><\/span><\/span><\/p>\n<p>Salm 89, 1-5<\/p>\n<p>El rebrot de David \u00e9s la nostra salvaci\u00f3. El Messies seu a un tron inamovible, que presideix totes les generacions. La fidelitat de D\u00e9u \u00e9s compl\u00ed en el seu Fill, Ell \u00e9s el nostre preuat favor.<\/p>\n<p>&nbsp;<\/p>\n<p><span style=\"color: #800080;\">Divendres, 14 de febrer<\/span><\/p>\n<p>Salm 90, 13-17<\/p>\n<p>La vida \u00e9s una dura feina que, moltes vegades, ens produeix angoixa i patiment. Preguem D\u00e9u perqu\u00e8 ens concedeixi el goig de viure en la confian\u00e7a de la seva companyia. Que Ell ompli els nostres dies d\u2019alegria, que la seva tendresa ens abraci per omplir el nostre cor de forces.<\/p>\n<p>&nbsp;<\/p>\n<p><span style=\"text-decoration: underline;\"><span style=\"color: #800080;\"><b>Dissabte, 15 de febrer<\/b><\/span><\/span><\/p>\n<p>Salm 91, 1-6<\/p>\n<p>Les nostres pors no s\u00f3n pas infundades, ens rodegen perills i aquest s\u00f3n real, per\u00f2 tamb\u00e9 \u00e9s real i ferm el nostre D\u00e9u. En Ell ens emparem perqu\u00e8 no hi ha foscor que la seva llum no pugui v\u00e8ncer, no hi ha perill del que la seva m\u00e0 no ens protegeixi. La nostra confian\u00e7a est\u00e0 ferma en l\u2019Alt\u00edssim.<\/p>\n<p>&nbsp;<\/p>\n<p><span style=\"text-decoration: underline;\"><span style=\"color: #800080;\"><b>Diumenge, 16 de febrer<\/b><\/span><\/span><\/p>\n<p>Salm 92, 1-6<\/p>\n<p>Aixecar-se al mat\u00ed cantant i arribar a la nit lloant, passi el que passi durant el dia, despr\u00e9s de superar totes les dificultats, el mateix goig ple d\u2019esperan\u00e7a amb el que ens aixequem, ens ha de dur durant les experi\u00e8ncies del dia fins al cant de la nit. Perqu\u00e8 les obres de D\u00e9u les podem trobar en qualsevol moment. La seva m\u00e0 ens acompanya sempre.<\/p>\n","protected":false},"excerpt":{"rendered":"<p>Dilluns, 10 de febrer Salm 81, 14-17 Sents una veu? Gira\u2019t. Has vist el cam\u00ed? Segueix-lo. La viu del Senyor ens vol parlar, els seus camins estan disposats perqu\u00e8 els transitem, solament hem d\u2019escoltar-lo, solament ens hem de deixar guiar per Ell. Ell ens espera, i no es cansar\u00e0. &nbsp; Dimarts, 11 de febrer Salm [&hellip;]<\/p>\n","protected":false},"author":1,"featured_media":0,"comment_status":"open","ping_status":"open","sticky":false,"template":"","format":"standard","meta":{"_jetpack_memberships_contains_paid_content":false,"footnotes":""},"categories":[7],"tags":[],"class_list":["post-502","post","type-post","status-publish","format-standard","hentry","category-meditacions-diaries"],"jetpack_featured_media_url":"","jetpack_sharing_enabled":true,"_links":{"self":[{"href":"https:\/\/eec.cat\/blog\/wp-json\/wp\/v2\/posts\/502","targetHints":{"allow":["GET"]}}],"collection":[{"href":"https:\/\/eec.cat\/blog\/wp-json\/wp\/v2\/posts"}],"about":[{"href":"https:\/\/eec.cat\/blog\/wp-json\/wp\/v2\/types\/post"}],"author":[{"embeddable":true,"href":"https:\/\/eec.cat\/blog\/wp-json\/wp\/v2\/users\/1"}],"replies":[{"embeddable":true,"href":"https:\/\/eec.cat\/blog\/wp-json\/wp\/v2\/comments?post=502"}],"version-history":[{"count":0,"href":"https:\/\/eec.cat\/blog\/wp-json\/wp\/v2\/posts\/502\/revisions"}],"wp:attachment":[{"href":"https:\/\/eec.cat\/blog\/wp-json\/wp\/v2\/media?parent=502"}],"wp:term":[{"taxonomy":"category","embeddable":true,"href":"https:\/\/eec.cat\/blog\/wp-json\/wp\/v2\/categories?post=502"},{"taxonomy":"post_tag","embeddable":true,"href":"https:\/\/eec.cat\/blog\/wp-json\/wp\/v2\/tags?post=502"}],"curies":[{"name":"wp","href":"https:\/\/api.w.org\/{rel}","templated":true}]}}