{"id":499,"date":"2014-02-08T21:42:17","date_gmt":"2014-02-08T21:42:17","guid":{"rendered":"http:\/\/eec.cat\/blog\/?p=499"},"modified":"2014-02-08T21:42:17","modified_gmt":"2014-02-08T21:42:17","slug":"motius-per-donar-gracies","status":"publish","type":"post","link":"https:\/\/eec.cat\/blog\/motius-per-donar-gracies\/","title":{"rendered":"Motius per donar gr\u00e0cies"},"content":{"rendered":"<p><a href=\"http:\/\/eec.cat\/blog\/wp-content\/uploads\/2014\/02\/culte_unit_accio_gracies_2014.jpg\"><img loading=\"lazy\" decoding=\"async\" class=\"aligncenter size-full wp-image-500\" alt=\"culte_unit_accio_gracies_2014\" src=\"http:\/\/eec.cat\/blog\/wp-content\/uploads\/2014\/02\/culte_unit_accio_gracies_2014.jpg\" width=\"533\" height=\"320\" srcset=\"https:\/\/eec.cat\/blog\/wp-content\/uploads\/2014\/02\/culte_unit_accio_gracies_2014.jpg 533w, https:\/\/eec.cat\/blog\/wp-content\/uploads\/2014\/02\/culte_unit_accio_gracies_2014-300x180.jpg 300w\" sizes=\"auto, (max-width: 533px) 100vw, 533px\" \/><\/a><\/p>\n<p><i>(Font:\u00a0 Catalunya Religi\u00f3)<\/i><\/p>\n<p><i>(<\/i><i>David Casals\u00a0<\/i>\u00a0&#8211;\u00a0<i>CR)<\/i>\u00a0En un moment de crisi pol\u00edtica, social i econ\u00f2mica que sembla que no s&#8217;acabi mai, hi ha motius per donar gr\u00e0cies a D\u00e9u?\u00a0Ho hem preguntat a\u00a0<b>Esther Bonet,<\/b>\u00a0del\u00a0\u00a0<a href=\"http:\/\/www.consellevangelic.cat\/\">Consell Evang\u00e8lic de Catalunya<\/a>\u00a0, que dissabte passat va organitzar juntament amb altres entitats protestants catalanes el tradicional culte unit d&#8217;acci\u00f3 de gr\u00e0cies que se celebra a prinicipis de l&#8217;any, on van assistir unes tres-centes persones.<\/p>\n<p>Aquest culte, que va tenir lloc al\u00a0<a href=\"http:\/\/www.cecmavi.org\/\">esgl\u00e9sia Cecmavi<\/a>\u00a0del barri de Sants, \u00e9s especial perqu\u00e8 el concepte de &#8216;donar gr\u00e0cies&#8217; el vertebra de principi a fi.&#8221;Inclou lloan\u00e7a, cants, donem gr\u00e0cies a D\u00e9u per la seva pres\u00e8ncia, per la cura que t\u00e9 de nosaltres i per la salvaci\u00f3 que tenim en Jesucrist&#8221;, explica Bonet.<\/p>\n<p>Les lectures que es van triar tamb\u00e9 anaven en aquesta l\u00ednia.\u00a0Es va recordar la multiplicaci\u00f3 dels pans i els peixos, un dels miracles que va fer Jes\u00fas de Natzaret.\u00a0I aquesta lectura continua sent plenament vigent avui dia, diu Bonet: &#8220;El repte que tenim, com a cristians, \u00e9s l&#8217;atenci\u00f3 integral a les persones&#8221;, i aquest \u00e9s el pa i el peix de l&#8217;\u00e8poca actual.<\/p>\n<p><b>Reconeixement a tres dones pel seu ministeri<\/b><\/p>\n<p>D&#8217;altra banda, durant aquest culte es va fer un minut de silenci en mem\u00f2ria de\u00a0<a href=\"http:\/\/www.catalunyareligio.cat\/blog\/ventijol-suau\/28-01-2014\/josep-grau-te-leg-protestant-52437\">Josep Grau<\/a>\u00a0, un dels principals te\u00f2legs que ha donat el protestantisme catal\u00e0, i que va morir el passat mes de gener.\u00a0A m\u00e9s, el Consell Evang\u00e8lic va lliurar les seves medalles a tres dones evang\u00e8liques que han sobresortit per la seva traject\u00f2ria al servei de D\u00e9u i dels altres: Esperanza Carrizosa, Blandina Ronsana i Carmen S\u00e1nchez.<\/p>\n<p><b>Carmen S\u00e1nchez<\/b>\u00a0\u00e9s pastora de l&#8217;<a href=\"http:\/\/www.eec.cat\/\">Esgl\u00e9sia Evang\u00e8lica de Catalunya<\/a>\u00a0\u00a0que es jubila aquest any i ha impulsat iniciatives a favor dels m\u00e9s desvalguts, com l\u2019<a href=\"http:\/\/www.serviciosocialelfar.org\/\">associaci\u00f3 El Far<\/a>\u00a0\u00a0i el centre infantil Centre Obert Mois\u00e8s a Santa Coloma de Gramenet, i tamb\u00e9 una llar d&#8217;acollida per a menors embarassades a Bol\u00edvia. Coincidint amb la seva jubilaci\u00f3 en el ministeri pastoral, el seu prop\u00f2sit \u00e9s de viure a aquest pa\u00eds and\u00ed i impulsar l&#8217;obertura d&#8217;altres llars en diferents zones del pa\u00eds.<\/p>\n<p><b>Esperan\u00e7a Carrizosa<\/b>\u00a0es va convertir en 1970 i des de llavors ha desenvolupat un ampli ministeri impulsant diferents iniciatives de preg\u00e0ria, com la Taula Nacional de Preg\u00e0ria, Espanya intercedeix i\u00a0<a href=\"http:\/\/despiertadebora.com\/\">Desperta D\u00e9bora<\/a>\u00a0.\u00a0En l&#8217;actualitat forma part del consell pastoral de l\u2019Esgl\u00e9sia Metropolitana de Barcelona Bet\u00e0nia i coordina l&#8217;Associaci\u00f3 d&#8217;Ajuda Social Vida d&#8217;Esplugues de Llobregat.<\/p>\n<p><b>Blandina Ronsana,<\/b>\u00a0filla de pastors de tradici\u00f3 baptista, resideix a Bin\u00e9far (Osca) des de molt petita, on els seus pares pasturejaven una esgl\u00e9sia on es va implicar des de molt jove.\u00a0Recorda que de petita va patir moltes burles per la seva condici\u00f3 religiosa, i ja de gran, va ser pastora de la seva comunitat, que pertany a la\u00a0\u00a0\u00a0<a href=\"http:\/\/www.ebc.cat\/\">Uni\u00f3 d&#8217;Esgl\u00e9sies baptistes de Catalunya<\/a>\u00a0\u00a0i es va implicar en organitzacions de dones evang\u00e8liques, com la Societat Femenina i la Uni\u00f3 de Dones Missioneres Baptistes d&#8217;Espanya.<\/p>\n<p>Des de 1999, quan van comen\u00e7ar a lliurar-se aquestes medalles, el Consell Evang\u00e8lic n\u2019ha concedit m\u00e9s de 40<\/p>\n<p>&nbsp;<\/p>\n","protected":false},"excerpt":{"rendered":"<p>(Font:\u00a0 Catalunya Religi\u00f3) (David Casals\u00a0\u00a0&#8211;\u00a0CR)\u00a0En un moment de crisi pol\u00edtica, social i econ\u00f2mica que sembla que no s&#8217;acabi mai, hi ha motius per donar gr\u00e0cies a D\u00e9u?\u00a0Ho hem preguntat a\u00a0Esther Bonet,\u00a0del\u00a0\u00a0Consell Evang\u00e8lic de Catalunya\u00a0, que dissabte passat va organitzar juntament amb altres entitats protestants catalanes el tradicional culte unit d&#8217;acci\u00f3 de gr\u00e0cies que se celebra [&hellip;]<\/p>\n","protected":false},"author":1,"featured_media":0,"comment_status":"open","ping_status":"open","sticky":false,"template":"","format":"standard","meta":{"_jetpack_memberships_contains_paid_content":false,"footnotes":""},"categories":[4],"tags":[],"class_list":["post-499","post","type-post","status-publish","format-standard","hentry","category-noticies"],"jetpack_featured_media_url":"","jetpack_sharing_enabled":true,"_links":{"self":[{"href":"https:\/\/eec.cat\/blog\/wp-json\/wp\/v2\/posts\/499","targetHints":{"allow":["GET"]}}],"collection":[{"href":"https:\/\/eec.cat\/blog\/wp-json\/wp\/v2\/posts"}],"about":[{"href":"https:\/\/eec.cat\/blog\/wp-json\/wp\/v2\/types\/post"}],"author":[{"embeddable":true,"href":"https:\/\/eec.cat\/blog\/wp-json\/wp\/v2\/users\/1"}],"replies":[{"embeddable":true,"href":"https:\/\/eec.cat\/blog\/wp-json\/wp\/v2\/comments?post=499"}],"version-history":[{"count":0,"href":"https:\/\/eec.cat\/blog\/wp-json\/wp\/v2\/posts\/499\/revisions"}],"wp:attachment":[{"href":"https:\/\/eec.cat\/blog\/wp-json\/wp\/v2\/media?parent=499"}],"wp:term":[{"taxonomy":"category","embeddable":true,"href":"https:\/\/eec.cat\/blog\/wp-json\/wp\/v2\/categories?post=499"},{"taxonomy":"post_tag","embeddable":true,"href":"https:\/\/eec.cat\/blog\/wp-json\/wp\/v2\/tags?post=499"}],"curies":[{"name":"wp","href":"https:\/\/api.w.org\/{rel}","templated":true}]}}