{"id":493,"date":"2014-02-03T21:17:00","date_gmt":"2014-02-03T21:17:00","guid":{"rendered":"http:\/\/eec.cat\/blog\/?p=493"},"modified":"2014-02-03T21:17:00","modified_gmt":"2014-02-03T21:17:00","slug":"la-llibertat-de-consciencia","status":"publish","type":"post","link":"https:\/\/eec.cat\/blog\/la-llibertat-de-consciencia\/","title":{"rendered":"La llibertat de consci\u00e8ncia"},"content":{"rendered":"<p><a href=\"http:\/\/eec.cat\/blog\/wp-content\/uploads\/2014\/02\/conciencia3.jpg\"><img loading=\"lazy\" decoding=\"async\" class=\"alignleft size-full wp-image-494\" alt=\"conciencia3\" src=\"http:\/\/eec.cat\/blog\/wp-content\/uploads\/2014\/02\/conciencia3.jpg\" width=\"62\" height=\"93\" \/><\/a>Creus en D\u00e9u? Aquesta \u00e9s una pregunta que em molest a molt: perqu\u00e8 darrere aquesta pregunta s\u2019amaguen tres preguntes: Existeix\u00a0 un \u00e9sser creador?\u00a0 Existeix vida despr\u00e9s de la mort? Existeix el cel i l\u2019infern?<\/p>\n<p>I dic que em molesta perqu\u00e8 darrere hi ha una simplificaci\u00f3 del cristianisme que demostra en primer lloc una ignor\u00e0ncia total de la seva transcend\u00e8ncia, de la seva espiritualitat i de la seva profunditat i en segon lloc perqu\u00e8 darrere s\u2019intueix una superficialitat insuportable.<\/p>\n<p>Per\u00f2 tamb\u00e9 em molesta perqu\u00e8 justament a aquestes tres preguntes no tinc cap evid\u00e8ncia que em demostrin res. Si \u00e9s impossible demostrar l&#8217;exist\u00e8ncia d\u2019una cosa que no existeix tamb\u00e9 \u00e9s impossible demostrar la inexist\u00e8ncia d\u2019una cosa que no existeix. Per\u00f2 si no som capa\u00e7os de demostrar l&#8217;exist\u00e8ncia d\u2019una cosa aix\u00f2 no significa que no existeixi.<\/p>\n<p>Nosaltres, els cristians som responsables en part d\u2019aquesta simplificaci\u00f3. Durant masses anys hem predicat el cristianisme de la por, de la condemnaci\u00f3, de la salvaci\u00f3, ens hem dedicat a transmetre que la vida d\u2019aquest m\u00f3n \u00e9s transit\u00f2ria i per tant no t\u00e9 import\u00e0ncia o en tot cas \u00e9s una vida que s\u2019ha d\u2019enfocar a viure-la de manera a guanyar-se la salvaci\u00f3, d\u2019aconseguir ser acceptat al cel i de poder viure la vida eterna. Ens hem dedicat a vendre parcel\u2022les de\u00ba cel fent de vegades un negoci lucratiu escandal\u00f3s.<\/p>\n<p>Tamb\u00e9 l\u2019esgl\u00e9sia ha volgut simplificar la vida aqu\u00ed a la terra donant les pautes a seguir, marcant el que s\u2019ha de fer i el que s\u2019ha de pensar per tal d\u2019obtenir la salvaci\u00f3 anhelada. La doctrina de la infal\u2022libilitat del Papa ens il\u2022lustra aquesta actitud. L\u2019esgl\u00e9sia ha intentat identificar i classificar els diferents tipus de pecats. I no ha pogut resistir la temptaci\u00f3 de convertir-se en la refer\u00e8ncia moral dels cristians i no cristians definint qu\u00e8 \u00e9s el que est\u00e0 b\u00e9 i qu\u00e8 \u00e9s el que est\u00e0 malament i reduint la funci\u00f3 del laic en simple seguidor dels preceptes dictats per l\u2019esgl\u00e9sia.<\/p>\n<p>Per\u00f2 no nom\u00e9s l\u2019esgl\u00e9sia s\u2019ha convertit en la refer\u00e8ncia moral sin\u00f3 que tamb\u00e9 ha volgut convertir-se en legislador i jutge. Ja queda lluny el fam\u00f3s cas de la teoria helioc\u00e8ntrica de Galileo Galilei i que el temps s\u2019ha encarregat de donar-li la ra\u00f3. Avui en dia \u00e9s impensable jutjar una persona pel que pensa o expressa , sempre que no sigui enaltiment de la viol\u00e8ncia i l\u2019odi. Per\u00f2 en l\u2019esgl\u00e9sia han quedat aquests tics autoritaris que la porta a traduir en lleis el que pensa.<\/p>\n<p>De tots \u00e9s coneguda la posici\u00f3 de la confer\u00e8ncia Episcopal Espanyola en refer\u00e8ncia a la interrupci\u00f3 volunt\u00e0ria de l\u2019embar\u00e0s. Els seus arguments s\u00f3n totalment respectables i tenen tot el dret a debatre\u2019ls i publicitar-los, per\u00f2 el que no \u00e9s acceptable \u00e9s que vulgui traslladar la seva moral a codi penal.<\/p>\n<p>Avui el govern del Partit Popular vol aprovar una nova llei de l\u2019avortament totalment inspirada en la posici\u00f3 de l\u2019esgl\u00e9sia cat\u00f2lica. \u00c9s un debat molt complex on hi ha molts aspectes a valorar, jo no em puc posar en la pell de cap dona i, en fred ,decidir per ella el que cal fer. Cada cas t\u00e9 les seves peculiaritats. Per\u00f2 us dir\u00e9 una cosa, crec que cap dona se sotmet a aquesta intervenci\u00f3 d\u2019una manera fr\u00edvola, irreflexiva i irresponsable, com qui s\u2019arrenca un queixal. Jo no em vull posicionar sobre si \u00e9s o no \u00e9s moral la interrupci\u00f3 volunt\u00e0ria de l\u2019embar\u00e0s. Ho deixo a la llibertat de consci\u00e8ncia de cadasc\u00fa.<\/p>\n<p>L\u2019article 18 dels drets humans diu: Tota persona t\u00e9 dret a la llibertat de pensament, de consci\u00e8ncia i de religi\u00f3; aquest dret inclou la llibertat de canviar de religi\u00f3 o de creen\u00e7a, i la llibertat, individualment o col\u2022lectivament, en p\u00fablic o en privat, de manifestar la seva religi\u00f3 o creen\u00e7a per mitj\u00e0 de l&#8217;ensenyament, la pr\u00e0ctica, el culte i l&#8217;observan\u00e7a.<\/p>\n<p>Per\u00f2 la llibertat de consci\u00e8ncia va molt m\u00e9s enll\u00e0 del que diu aquest article. Si la llibertat \u00e9s viure la vida sota la teva responsabilitat, la llibertat de consci\u00e8ncia \u00e9s pensar i concebre la vida sota la teva responsabilitat. Considerem la pr\u00e0ctica estesa a l\u2019\u00c0frica subsahariana d&#8217;amputar els genitals de les noies adolescents. Per nosaltres \u00e9s una pr\u00e0ctica totalment rebutjable i rebutjada. No obstant aix\u00f2, els pobles subsaharians troben aquesta pr\u00e0ctica correcta perqu\u00e8 els ha estat donada com a tradici\u00f3 des de d\u00e8cades. Per\u00f2 no per antiga ha de ser respectada. La llibertat de consci\u00e8ncia els hauria de portar a preguntar-se si realment aquesta pr\u00e0ctica \u00e9s correcta.<\/p>\n<p>La llibertat de consci\u00e8ncia ens ha de portar a q\u00fcestionar-nos sobre la tradici\u00f3 que hem rebut, sobre el pensament que hem heretat, sobre els ensenyaments que hem apr\u00e8s, sobre les creences que tenim. Cal no donar res per immutable ni per inq\u00fcestionable. Nom\u00e9s aix\u00ed podrem fer el nostre cam\u00ed, el cam\u00ed que cadasc\u00fa ha de rec\u00f3rrer. En la vida ens trobarem gent que ens demanaran que seguim el seu cam\u00ed, perqu\u00e8 ens diran que ells tenen la veritat. Per\u00f2 no els hem de fer cas perqu\u00e8 els entregar\u00edem la nostra consci\u00e8ncia, el nostre \u00e9sser i el nostre lliure albir. Hem de fer el nostre cam\u00ed, amb D\u00e9u o sense D\u00e9u, ateu, agn\u00f2stic, o religi\u00f3s, el que ens digui la nostra consci\u00e8ncia. Per\u00f2 el que no podem fer \u00e9s quedar-nos al marge del cam\u00ed.<\/p>\n<p>Fent el nostre cam\u00ed tenim el risc d\u2019equivocar-nos. Per\u00f2 \u00e9s millor el risc de viure un error que deambular per la vida seguint els camins d\u2019altres. Nom\u00e9s hi ha una manera aut\u00e8ntica de viure la vida i \u00e9s seguint el cam\u00ed que et dicta la pr\u00f2pia consci\u00e8ncia, encara que ens porti a equivocar-nos, a cometre errors perqu\u00e8 dels errors en podem aprendre de la mateixa manera que podem aprendre dels nostres companys de viatge, el seu cam\u00ed pot ser inspirador per nosaltres.<\/p>\n<p>En el cor del protestantisme la llibertat de consci\u00e8ncia se situa en un lloc principal de la vida del creient. El principi de la lliure interpretaci\u00f3 de les escriptures situa la llibertat de consci\u00e8ncia en el principal repte del cristi\u00e0. Per aix\u00f2 m\u2019entristeix i em preocupa tant veure esgl\u00e9sies que es consideren les vertaderes, que es consideren les \u00faniques elegides per fer una interpretaci\u00f3 leg\u00edtima de les escriptures. Per\u00f2 encara m\u2019entristeix m\u00e9s veure creients que no es q\u00fcestionen cap ensenyament, cap doctrina, que accepten sense posar en dubte les exhortacions del sacerdot de torn. La llibertat de consci\u00e8ncia fa de nosaltres persones valentes, audaces, espirituals, amb un concepte profund de la vida, que no tenen por a q\u00fcestionar-se qualsevol aspecte de la vida i que no es limiten a preguntar si creus en D\u00e9u, sin\u00f3 que pregunten qu\u00e8 significa D\u00e9u a la teva vida.<\/p>\n<p>Rub\u00e9n Pall\u00e0s<\/p>\n","protected":false},"excerpt":{"rendered":"<p>Creus en D\u00e9u? Aquesta \u00e9s una pregunta que em molest a molt: perqu\u00e8 darrere aquesta pregunta s\u2019amaguen tres preguntes: Existeix\u00a0 un \u00e9sser creador?\u00a0 Existeix vida despr\u00e9s de la mort? Existeix el cel i l\u2019infern? I dic que em molesta perqu\u00e8 darrere hi ha una simplificaci\u00f3 del cristianisme que demostra en primer lloc una ignor\u00e0ncia total [&hellip;]<\/p>\n","protected":false},"author":1,"featured_media":0,"comment_status":"open","ping_status":"open","sticky":false,"template":"","format":"standard","meta":{"_jetpack_memberships_contains_paid_content":false,"footnotes":""},"categories":[6],"tags":[],"class_list":["post-493","post","type-post","status-publish","format-standard","hentry","category-reflexions"],"jetpack_featured_media_url":"","jetpack_sharing_enabled":true,"_links":{"self":[{"href":"https:\/\/eec.cat\/blog\/wp-json\/wp\/v2\/posts\/493","targetHints":{"allow":["GET"]}}],"collection":[{"href":"https:\/\/eec.cat\/blog\/wp-json\/wp\/v2\/posts"}],"about":[{"href":"https:\/\/eec.cat\/blog\/wp-json\/wp\/v2\/types\/post"}],"author":[{"embeddable":true,"href":"https:\/\/eec.cat\/blog\/wp-json\/wp\/v2\/users\/1"}],"replies":[{"embeddable":true,"href":"https:\/\/eec.cat\/blog\/wp-json\/wp\/v2\/comments?post=493"}],"version-history":[{"count":0,"href":"https:\/\/eec.cat\/blog\/wp-json\/wp\/v2\/posts\/493\/revisions"}],"wp:attachment":[{"href":"https:\/\/eec.cat\/blog\/wp-json\/wp\/v2\/media?parent=493"}],"wp:term":[{"taxonomy":"category","embeddable":true,"href":"https:\/\/eec.cat\/blog\/wp-json\/wp\/v2\/categories?post=493"},{"taxonomy":"post_tag","embeddable":true,"href":"https:\/\/eec.cat\/blog\/wp-json\/wp\/v2\/tags?post=493"}],"curies":[{"name":"wp","href":"https:\/\/api.w.org\/{rel}","templated":true}]}}