{"id":489,"date":"2014-02-03T09:52:04","date_gmt":"2014-02-03T09:52:04","guid":{"rendered":"http:\/\/eec.cat\/blog\/?p=489"},"modified":"2026-04-05T19:30:34","modified_gmt":"2026-04-05T18:30:34","slug":"calendari-2014-de-celebracions-del-raval","status":"publish","type":"post","link":"https:\/\/eec.cat\/blog\/calendari-2014-de-celebracions-del-raval\/","title":{"rendered":"Calendari 2014 de celebracions del Raval\ufffc"},"content":{"rendered":"<div title=\"Page 1\"><\/div>\n<div title=\"Page 1\"><a href=\"http:\/\/eec.cat\/blog\/wp-content\/uploads\/2014\/02\/ravalcalendari.jpg\"><img loading=\"lazy\" decoding=\"async\" class=\"alignleft size-thumbnail wp-image-490\" src=\"http:\/\/eec.cat\/blog\/wp-content\/uploads\/2014\/02\/ravalcalendari-150x150.jpg\" alt=\"ravalcalendari\" width=\"150\" height=\"150\" \/><\/a>Calendari elaborat per:<\/div>\n<div title=\"Page 1\"><\/div>\n<div title=\"Page 1\">Grup Interreligi\u00f3s del Raval: Els membres del Grup Interreligi\u00f3s del Raval s\u00f3n els seg\u00fcents: Consell Isl\u00e0mic de Catalunya, Centre Isl\u00e0mic \u201cCam\u00ed de la Pau\u201d, Comunitat Parroquial del Carme, Centro Filipino Tuluy\u00e1n-San Benito, Fundaci\u00f3 Benallar, <span style=\"text-decoration: underline;\"><strong>Esgl\u00e9sia Protestant Barcelona Centre<\/strong><\/span>, Associaci\u00f3 Intercultural Di\u00e0legs de Dona, Associaci\u00f3 Sociocultural Ibn Batuta, Associaci\u00f3<\/p>\n<div>\n<p>AMICAL dels immigrants marroquins a Catalunya, Associaci\u00f3 Cultural, educativa i social operativa de dones pakistaneses (ACESOP), Temple Sikh Gurdwara Guru Darshan Sahib, Casa Eslava, Associaci\u00f3 Interculturalitat i Conviv\u00e8ncia, Associaci\u00f3 UNESCO per al Di\u00e0leg Interreligi\u00f3s, Oficina d\u2019Afers<\/p>\n<p>Religiosos de l\u2019Ajuntament de Barcelona i Fundaci\u00f3 Tot Raval.<\/p>\n<p>Amb la col\u00b7laboraci\u00f3 de:<\/p>\n<p>Biblioteca de Santa Creu i Sant Pau, el peri\u00f3dico &#8220;El Raval&#8221;, C\u00e1ritas Diocesana de Barcelona i el Projecte d&#8217;Intervenci\u00f3 Comunitari Intercultural impulsat per l&#8217;Obra Social de La Caixa.<br \/>\n<a href=\"http:\/\/eec.cat\/blog\/wp-content\/uploads\/2014\/02\/calendari-febrer-raval.jpg\"><img loading=\"lazy\" decoding=\"async\" class=\"alignleft size-large wp-image-491\" src=\"http:\/\/eec.cat\/blog\/wp-content\/uploads\/2014\/02\/calendari-febrer-raval-1024x671.jpg\" alt=\"calendari febrer raval\" width=\"1024\" height=\"671\" srcset=\"https:\/\/eec.cat\/blog\/wp-content\/uploads\/2014\/02\/calendari-febrer-raval-1024x671.jpg 1024w, https:\/\/eec.cat\/blog\/wp-content\/uploads\/2014\/02\/calendari-febrer-raval-300x196.jpg 300w, https:\/\/eec.cat\/blog\/wp-content\/uploads\/2014\/02\/calendari-febrer-raval.jpg 1150w\" sizes=\"auto, (max-width: 1024px) 100vw, 1024px\" \/><\/a><\/p>\n<\/div>\n<\/div>\n","protected":false},"excerpt":{"rendered":"<p>Calendari elaborat per: Grup Interreligi\u00f3s del Raval: Els membres del Grup Interreligi\u00f3s del Raval s\u00f3n els seg\u00fcents: Consell Isl\u00e0mic de Catalunya, Centre Isl\u00e0mic \u201cCam\u00ed de la Pau\u201d, Comunitat Parroquial del Carme, Centro Filipino Tuluy\u00e1n-San Benito, Fundaci\u00f3 Benallar, Esgl\u00e9sia Protestant Barcelona Centre, Associaci\u00f3 Intercultural Di\u00e0legs de Dona, Associaci\u00f3 Sociocultural Ibn Batuta, Associaci\u00f3 AMICAL dels immigrants marroquins [&hellip;]<\/p>\n","protected":false},"author":1,"featured_media":0,"comment_status":"open","ping_status":"open","sticky":false,"template":"","format":"standard","meta":{"_jetpack_memberships_contains_paid_content":false,"footnotes":""},"categories":[5],"tags":[],"class_list":["post-489","post","type-post","status-publish","format-standard","hentry","category-activitats"],"jetpack_featured_media_url":"","jetpack_sharing_enabled":true,"_links":{"self":[{"href":"https:\/\/eec.cat\/blog\/wp-json\/wp\/v2\/posts\/489","targetHints":{"allow":["GET"]}}],"collection":[{"href":"https:\/\/eec.cat\/blog\/wp-json\/wp\/v2\/posts"}],"about":[{"href":"https:\/\/eec.cat\/blog\/wp-json\/wp\/v2\/types\/post"}],"author":[{"embeddable":true,"href":"https:\/\/eec.cat\/blog\/wp-json\/wp\/v2\/users\/1"}],"replies":[{"embeddable":true,"href":"https:\/\/eec.cat\/blog\/wp-json\/wp\/v2\/comments?post=489"}],"version-history":[{"count":1,"href":"https:\/\/eec.cat\/blog\/wp-json\/wp\/v2\/posts\/489\/revisions"}],"predecessor-version":[{"id":2727,"href":"https:\/\/eec.cat\/blog\/wp-json\/wp\/v2\/posts\/489\/revisions\/2727"}],"wp:attachment":[{"href":"https:\/\/eec.cat\/blog\/wp-json\/wp\/v2\/media?parent=489"}],"wp:term":[{"taxonomy":"category","embeddable":true,"href":"https:\/\/eec.cat\/blog\/wp-json\/wp\/v2\/categories?post=489"},{"taxonomy":"post_tag","embeddable":true,"href":"https:\/\/eec.cat\/blog\/wp-json\/wp\/v2\/tags?post=489"}],"curies":[{"name":"wp","href":"https:\/\/api.w.org\/{rel}","templated":true}]}}