{"id":483,"date":"2014-02-03T09:28:47","date_gmt":"2014-02-03T09:28:47","guid":{"rendered":"http:\/\/eec.cat\/blog\/?p=483"},"modified":"2014-02-03T09:35:56","modified_gmt":"2014-02-03T09:35:56","slug":"musica-religions","status":"publish","type":"post","link":"https:\/\/eec.cat\/blog\/musica-religions\/","title":{"rendered":"M\u00fasica i religions"},"content":{"rendered":"<p><a href=\"http:\/\/eec.cat\/blog\/wp-content\/uploads\/2014\/02\/campana.jpg\"><img loading=\"lazy\" decoding=\"async\" class=\"alignleft size-thumbnail wp-image-487\" alt=\"campana\" src=\"http:\/\/eec.cat\/blog\/wp-content\/uploads\/2014\/02\/campana-150x150.jpg\" width=\"150\" height=\"150\" \/><\/a>Hem rebut de l\u2019Oficina d\u2019Afers Religiosos i el Consorci de Biblioteques de Barcelona la informaci\u00f3 que adjuntem sobre un cicle de xerrades i audicions <b><i>M\u00fasica i religions<\/i><\/b> que han organitzat. Aquest cicle explorar\u00e0 el paper que t\u00e9 avui la m\u00fasica en la pr\u00e0ctica religiosa i la vida espiritual de diferents comunitats religioses presents a la ciutat de Barcelona. Cada sessi\u00f3 combinar\u00e0 una presentaci\u00f3 sobre la m\u00fasica en el context d\u2019una tradici\u00f3 religiosa determinada i una audici\u00f3 breu de la m\u00fasica sobre la qual s\u2019hagi parlat. \u00a0Programa en PDF:\u00a0<a href=\"http:\/\/eec.cat\/blog\/wp-content\/uploads\/2014\/02\/14_01_M\u00fasica-i-religions.pdf\">M\u00fasica i religions<\/a>.<\/p>\n<p>&nbsp;<\/p>\n","protected":false},"excerpt":{"rendered":"<p>Hem rebut de l\u2019Oficina d\u2019Afers Religiosos i el Consorci de Biblioteques de Barcelona la informaci\u00f3 que adjuntem sobre un cicle de xerrades i audicions M\u00fasica i religions que han organitzat. Aquest cicle explorar\u00e0 el paper que t\u00e9 avui la m\u00fasica en la pr\u00e0ctica religiosa i la vida espiritual de diferents comunitats religioses presents a la [&hellip;]<\/p>\n","protected":false},"author":1,"featured_media":0,"comment_status":"open","ping_status":"open","sticky":false,"template":"","format":"standard","meta":{"_jetpack_memberships_contains_paid_content":false,"footnotes":""},"categories":[5],"tags":[],"class_list":["post-483","post","type-post","status-publish","format-standard","hentry","category-activitats"],"jetpack_featured_media_url":"","jetpack_sharing_enabled":true,"_links":{"self":[{"href":"https:\/\/eec.cat\/blog\/wp-json\/wp\/v2\/posts\/483","targetHints":{"allow":["GET"]}}],"collection":[{"href":"https:\/\/eec.cat\/blog\/wp-json\/wp\/v2\/posts"}],"about":[{"href":"https:\/\/eec.cat\/blog\/wp-json\/wp\/v2\/types\/post"}],"author":[{"embeddable":true,"href":"https:\/\/eec.cat\/blog\/wp-json\/wp\/v2\/users\/1"}],"replies":[{"embeddable":true,"href":"https:\/\/eec.cat\/blog\/wp-json\/wp\/v2\/comments?post=483"}],"version-history":[{"count":0,"href":"https:\/\/eec.cat\/blog\/wp-json\/wp\/v2\/posts\/483\/revisions"}],"wp:attachment":[{"href":"https:\/\/eec.cat\/blog\/wp-json\/wp\/v2\/media?parent=483"}],"wp:term":[{"taxonomy":"category","embeddable":true,"href":"https:\/\/eec.cat\/blog\/wp-json\/wp\/v2\/categories?post=483"},{"taxonomy":"post_tag","embeddable":true,"href":"https:\/\/eec.cat\/blog\/wp-json\/wp\/v2\/tags?post=483"}],"curies":[{"name":"wp","href":"https:\/\/api.w.org\/{rel}","templated":true}]}}