{"id":478,"date":"2014-02-03T09:10:35","date_gmt":"2014-02-03T09:10:35","guid":{"rendered":"http:\/\/eec.cat\/blog\/?p=478"},"modified":"2014-02-03T09:13:35","modified_gmt":"2014-02-03T09:13:35","slug":"15-de-febrero-taller-teologico-rut-una-redefinicion-del-pueblo-de-dios","status":"publish","type":"post","link":"https:\/\/eec.cat\/blog\/15-de-febrero-taller-teologico-rut-una-redefinicion-del-pueblo-de-dios\/","title":{"rendered":"15 de Febrero. Taller Teol\u00f3gico. Rut, una redefinici\u00f3n del Pueblo de Dios."},"content":{"rendered":"<p><em><a href=\"http:\/\/eec.cat\/blog\/wp-content\/uploads\/2014\/02\/taller.gif\"><img loading=\"lazy\" decoding=\"async\" class=\"alignleft size-thumbnail wp-image-480\" alt=\"taller\" src=\"http:\/\/eec.cat\/blog\/wp-content\/uploads\/2014\/02\/taller-150x150.gif\" width=\"150\" height=\"150\" \/><\/a>Al acercarnos al libro de Rut, podemos cometer la torpeza de pensar que se trata de un sencillo relato destinado a entretenernos mientras ofrece una moralina sobre la familia y los inmigrantes. Pero Rut es una narraci\u00f3n compleja, llena de recovecos y profundidades. En este Taller, indagaremos la propuesta de comunidad que hace el libro de Rut.<\/em><\/p>\n<p><strong>Ponente: Pastora\u00a0Marta L\u00f3pez Ballalta<\/strong><\/p>\n<p>Licenciada en Teolog\u00eda (Fac. SEUT) .\u00a0Pastora de la Esgl\u00e9sia Evang\u00e8lica de Catalunya \u2013 IEE<\/p>\n<p><strong>Objetivos de aprendizaje:\u00a0<\/strong>Ver, en el marco de los diferentes \u00e1ngulos teol\u00f3gicos del AT, c\u00f3mo el libro de Rut plantea una novedosa interpretaci\u00f3n de la construcci\u00f3n del pueblo de Dios.<\/p>\n<p><strong>Fecha y horario:<\/strong>\u00a0S\u00e1bado, 15 de febrero de 2014 (10:00 \u2013 14:00 horas)<\/p>\n<p>Al acercarnos al libro de Rut, podemos cometer la torpeza de pensar que se trata de un sencillo relato destinado a entretenernos mientras ofrece una moralina sobre la familia y los inmigrantes. Pero Rut es una narraci\u00f3n compleja, llena de recovecos y profundidades. En este Taller, indagaremos la propuesta de comunidad que hace el libro de Rut.<\/p>\n<p><strong>Lugar:<\/strong>\u00a0Esgl\u00e9sia Protestant Barcelona-Centre (c\/ Tallers 26; M:\u00a0 L1-L3: Pl\u00e7. Catalunya)<\/p>\n<p>Entrada libre y gratuita<\/p>\n","protected":false},"excerpt":{"rendered":"<p>Al acercarnos al libro de Rut, podemos cometer la torpeza de pensar que se trata de un sencillo relato destinado a entretenernos mientras ofrece una moralina sobre la familia y los inmigrantes. Pero Rut es una narraci\u00f3n compleja, llena de recovecos y profundidades. En este Taller, indagaremos la propuesta de comunidad que hace el libro [&hellip;]<\/p>\n","protected":false},"author":1,"featured_media":0,"comment_status":"open","ping_status":"open","sticky":false,"template":"","format":"standard","meta":{"_jetpack_memberships_contains_paid_content":false,"footnotes":""},"categories":[5],"tags":[],"class_list":["post-478","post","type-post","status-publish","format-standard","hentry","category-activitats"],"jetpack_featured_media_url":"","jetpack_sharing_enabled":true,"_links":{"self":[{"href":"https:\/\/eec.cat\/blog\/wp-json\/wp\/v2\/posts\/478","targetHints":{"allow":["GET"]}}],"collection":[{"href":"https:\/\/eec.cat\/blog\/wp-json\/wp\/v2\/posts"}],"about":[{"href":"https:\/\/eec.cat\/blog\/wp-json\/wp\/v2\/types\/post"}],"author":[{"embeddable":true,"href":"https:\/\/eec.cat\/blog\/wp-json\/wp\/v2\/users\/1"}],"replies":[{"embeddable":true,"href":"https:\/\/eec.cat\/blog\/wp-json\/wp\/v2\/comments?post=478"}],"version-history":[{"count":0,"href":"https:\/\/eec.cat\/blog\/wp-json\/wp\/v2\/posts\/478\/revisions"}],"wp:attachment":[{"href":"https:\/\/eec.cat\/blog\/wp-json\/wp\/v2\/media?parent=478"}],"wp:term":[{"taxonomy":"category","embeddable":true,"href":"https:\/\/eec.cat\/blog\/wp-json\/wp\/v2\/categories?post=478"},{"taxonomy":"post_tag","embeddable":true,"href":"https:\/\/eec.cat\/blog\/wp-json\/wp\/v2\/tags?post=478"}],"curies":[{"name":"wp","href":"https:\/\/api.w.org\/{rel}","templated":true}]}}