{"id":474,"date":"2014-02-03T08:56:54","date_gmt":"2014-02-03T08:56:54","guid":{"rendered":"http:\/\/eec.cat\/blog\/?p=474"},"modified":"2014-02-03T09:07:39","modified_gmt":"2014-02-03T09:07:39","slug":"dia-dia-3-de-febrer-9-de-febrer-2014","status":"publish","type":"post","link":"https:\/\/eec.cat\/blog\/dia-dia-3-de-febrer-9-de-febrer-2014\/","title":{"rendered":"Dia a Dia. 3 de febrer &#8211; 9 de febrer 2014"},"content":{"rendered":"<p><span style=\"text-decoration: underline; color: #800080;\"><b><a href=\"http:\/\/eec.cat\/blog\/wp-content\/uploads\/2014\/02\/almendro.jpg\"><img loading=\"lazy\" decoding=\"async\" class=\"alignleft size-thumbnail wp-image-475\" alt=\"almendro\" src=\"http:\/\/eec.cat\/blog\/wp-content\/uploads\/2014\/02\/almendro-150x150.jpg\" width=\"150\" height=\"150\" \/><\/a>Dilluns, 3 de febrer<\/b><\/span><\/p>\n<p>Salm 66, 16-20<\/p>\n<p>La lloan\u00e7a \u00e9s el testimoni d\u2019una vida rescatada de la foscor. El nostre cant ha de proclamar la salvaci\u00f3 que hem rebut de D\u00e9u, perqu\u00e8 Ell no ens ha negat el seu amor, m\u00e9s enll\u00e0 de les nostres errades sempre ha mantingut la seva miseric\u00f2rdia.<\/p>\n<p>&nbsp;<\/p>\n<p><span style=\"text-decoration: underline;\"><span style=\"color: #800080;\"><b>Dimarts, 4 de febrer<\/b><\/span><\/span><\/p>\n<p>Salm 67<\/p>\n<p>La benedicci\u00f3 corre en dos direccions, D\u00e9u en l\u2019ofereix, en cada rac\u00f3 de la nostra vida podem trobar-la, en cada plat que posem a taula, en cada somriure que alg\u00fa ens dedica, i \u00e9s aquesta benedicci\u00f3 rebuda la que ens empeny a beneir a D\u00e9u, perqu\u00e8 d\u2019Ell prov\u00e9 tot el que tenim.<\/p>\n<p>&nbsp;<\/p>\n<p><span style=\"text-decoration: underline;\"><span style=\"color: #800080;\"><b>Dimecres, 5 de febrer<\/b><\/span><\/span><\/p>\n<p>Salm 68, 33-36<\/p>\n<p>El nostre D\u00e9u \u00e9s el m\u00e9s gran i poder\u00f3s de tots els d\u00e9us, Ell \u00e9s per sobre de tot, fins d\u2019all\u00f2 que ens sembla poder\u00f3s e inamovible, la seva veu trona i tremola tota la creaci\u00f3. Aquest gran D\u00e9u \u00e9s el que ens omple de poder i valentia per afrontar la vida.<\/p>\n<p>&nbsp;<\/p>\n<p><span style=\"text-decoration: underline;\"><span style=\"color: #800080;\"><b>Dijous, 6 de febrer<\/b><\/span><\/span><\/p>\n<p>Salm 69, 6-14<\/p>\n<p>Confiar en la fidelitat de D\u00e9u \u00e9s viure sabem que la seva resposta arribar\u00e0 en el temps propici. Fallem i errem algunes vegades, per\u00f2 el que presideix les nostres culpes \u00e9s l\u2019amor i la miseric\u00f2rdia d\u2019aquell que vol seguir mantenint una conversa amb nosaltres.<\/p>\n<p>&nbsp;<\/p>\n<p><span style=\"text-decoration: underline;\"><span style=\"color: #800080;\"><b>Divendres, 7 de febrer<\/b><\/span><\/span><\/p>\n<p>Salm 71, 14-19<\/p>\n<p>Som testimonis vius del prodigis del Senyor, la nostra boca no ha de callar. La nostra proclamaci\u00f3 ha de ser la manifestaci\u00f3 de totes les obres de D\u00e9u que, al llarg del temps, hem vist. Preguem per els nostres nens i les nostres nenes, perqu\u00e8 el nostre testimoni sigui per ells una revelaci\u00f3 del nostre D\u00e9u.<\/p>\n<p>&nbsp;<\/p>\n<p><span style=\"text-decoration: underline;\"><span style=\"color: #800080;\"><b>Dissabte, 8 de febrer<\/b><\/span><\/span><\/p>\n<p>Salm 78, 1-6<\/p>\n<p>El testimoni de les meravelles de D\u00e9u \u00e9s una heretat, la m\u00e9s preciosa que hi ha. De generaci\u00f3 en generaci\u00f3, des d\u2019Abraham fins a nosaltres, les promeses de D\u00e9u han viatjat com un tresor. Que D\u00e9u ens ajudi perqu\u00e8 la nostra lloan\u00e7a sigui de testimoni de la seva bondat.<\/p>\n<p>&nbsp;<\/p>\n<p><span style=\"text-decoration: underline;\"><span style=\"color: #800080;\"><b>Diumenge, 9 de\u00a0febrer<\/b><\/span><\/span><\/p>\n<p>Salm 80, 1-4<\/p>\n<p>Preguem perqu\u00e8 D\u00e9u ens concedeixi la renovaci\u00f3 de la nostra vida, que la seva llum presideixi cadascuna de les nostres accions, i dels nostres pensaments. D\u00e9u sempre ens \u00e9s propici per a ensenyar-nos els seus camins, solament hem de mirar-lo per veure la seva salvaci\u00f3 presidint les nostres vides.<\/p>\n","protected":false},"excerpt":{"rendered":"<p>Dilluns, 3 de febrer Salm 66, 16-20 La lloan\u00e7a \u00e9s el testimoni d\u2019una vida rescatada de la foscor. El nostre cant ha de proclamar la salvaci\u00f3 que hem rebut de D\u00e9u, perqu\u00e8 Ell no ens ha negat el seu amor, m\u00e9s enll\u00e0 de les nostres errades sempre ha mantingut la seva miseric\u00f2rdia. &nbsp; Dimarts, 4 [&hellip;]<\/p>\n","protected":false},"author":1,"featured_media":0,"comment_status":"open","ping_status":"open","sticky":false,"template":"","format":"standard","meta":{"_jetpack_memberships_contains_paid_content":false,"footnotes":""},"categories":[7],"tags":[],"class_list":["post-474","post","type-post","status-publish","format-standard","hentry","category-meditacions-diaries"],"jetpack_featured_media_url":"","jetpack_sharing_enabled":true,"_links":{"self":[{"href":"https:\/\/eec.cat\/blog\/wp-json\/wp\/v2\/posts\/474","targetHints":{"allow":["GET"]}}],"collection":[{"href":"https:\/\/eec.cat\/blog\/wp-json\/wp\/v2\/posts"}],"about":[{"href":"https:\/\/eec.cat\/blog\/wp-json\/wp\/v2\/types\/post"}],"author":[{"embeddable":true,"href":"https:\/\/eec.cat\/blog\/wp-json\/wp\/v2\/users\/1"}],"replies":[{"embeddable":true,"href":"https:\/\/eec.cat\/blog\/wp-json\/wp\/v2\/comments?post=474"}],"version-history":[{"count":0,"href":"https:\/\/eec.cat\/blog\/wp-json\/wp\/v2\/posts\/474\/revisions"}],"wp:attachment":[{"href":"https:\/\/eec.cat\/blog\/wp-json\/wp\/v2\/media?parent=474"}],"wp:term":[{"taxonomy":"category","embeddable":true,"href":"https:\/\/eec.cat\/blog\/wp-json\/wp\/v2\/categories?post=474"},{"taxonomy":"post_tag","embeddable":true,"href":"https:\/\/eec.cat\/blog\/wp-json\/wp\/v2\/tags?post=474"}],"curies":[{"name":"wp","href":"https:\/\/api.w.org\/{rel}","templated":true}]}}