{"id":467,"date":"2014-01-27T10:10:44","date_gmt":"2014-01-27T10:10:44","guid":{"rendered":"http:\/\/eec.cat\/blog\/?p=467"},"modified":"2014-01-27T10:12:34","modified_gmt":"2014-01-27T10:12:34","slug":"en-record-de-josep-grau-balcells","status":"publish","type":"post","link":"https:\/\/eec.cat\/blog\/en-record-de-josep-grau-balcells\/","title":{"rendered":"En record de Josep Grau Balcells"},"content":{"rendered":"<p><b><a href=\"http:\/\/eec.cat\/blog\/wp-content\/uploads\/2014\/01\/JOSEPGRAU.jpg\"><img loading=\"lazy\" decoding=\"async\" class=\"alignleft size-thumbnail wp-image-468\" alt=\"JOSEPGRAU\" src=\"http:\/\/eec.cat\/blog\/wp-content\/uploads\/2014\/01\/JOSEPGRAU-150x150.jpg\" width=\"150\" height=\"150\" \/><\/a>Jo, el Senyor, ser\u00e9 per sempre la teva llum. Jo, el teu D\u00e9u ser\u00e9 la teva gl\u00f2ria.\u00a0 El teu sol no es pondr\u00e0 m\u00e9s ni minvar\u00e0 la teva lluna, perqu\u00e8 jo, el Senyor, ser\u00e9 sempre la teva llum. S\u2019hauran acabat els teus dies de dol. \u00a0 Isa\u00efes 60:19-20<\/b><\/p>\n<p><b>Ben conegut a les nostres esgl\u00e9sies protestants com a escriptor, te\u00f2leg i professor\u00a0 va passar a la pres\u00e8ncia del Senyor el dia 15 de gener de 2014 als 83 anys.<\/b><\/p>\n<p><b>Va viure el dif\u00edcil temps de la dictadura on va estar obligat a publicar llibres amb una editorial nord-americana o amb un fals peu d\u2019impremta a Su\u00efssa quan estava impr\u00e8s a Barcelona per evitar la censura.\u00a0 Malgrat tot, no va poder evitar ser processat sota l\u2019acusaci\u00f3 d\u2019imprimir \u201cliteratura clandestina\u201d.\u00a0 Destaquem\u00a0 de les seves publicacions:\u00a0 \u201cIntroducci\u00f3n a la Teolog\u00eda\u201d y \u201cFundamento Apost\u00f3lico. \u00a0 La seva teologia\u00a0 destaca per una\u00a0 gran inquietud intel\u00b7lectual,\u00a0 i tamb\u00e9\u00a0 pel seu inter\u00e8s per les q\u00fcestions socials que el va portar a estudiar temes socials, pol\u00edtics i culturals, sempre des d\u2019una vessant cristiana.<\/b><\/p>\n<p><b>Home humil, va ser investit Doctor Honoris Causa per la Facultat Lliure de Teologia Reformada de Aix-en-Provence i darrerament l\u2019any 2013 va rebre el premi Jorge Brow en reconeixement a la seva contribuci\u00f3 a la difusi\u00f3 de la B\u00edblia.\u00a0 Tamb\u00e9 home fidel, ser\u00e1 recordat sempre per la seva feina i testimoni en moments dif\u00edcils.\u00a0<\/b><\/p>\n","protected":false},"excerpt":{"rendered":"<p>Jo, el Senyor, ser\u00e9 per sempre la teva llum. Jo, el teu D\u00e9u ser\u00e9 la teva gl\u00f2ria.\u00a0 El teu sol no es pondr\u00e0 m\u00e9s ni minvar\u00e0 la teva lluna, perqu\u00e8 jo, el Senyor, ser\u00e9 sempre la teva llum. S\u2019hauran acabat els teus dies de dol. \u00a0 Isa\u00efes 60:19-20 Ben conegut a les nostres esgl\u00e9sies protestants [&hellip;]<\/p>\n","protected":false},"author":1,"featured_media":0,"comment_status":"open","ping_status":"open","sticky":false,"template":"","format":"standard","meta":{"_jetpack_memberships_contains_paid_content":false,"footnotes":""},"categories":[1,4],"tags":[],"class_list":["post-467","post","type-post","status-publish","format-standard","hentry","category-general","category-noticies"],"jetpack_featured_media_url":"","jetpack_sharing_enabled":true,"_links":{"self":[{"href":"https:\/\/eec.cat\/blog\/wp-json\/wp\/v2\/posts\/467","targetHints":{"allow":["GET"]}}],"collection":[{"href":"https:\/\/eec.cat\/blog\/wp-json\/wp\/v2\/posts"}],"about":[{"href":"https:\/\/eec.cat\/blog\/wp-json\/wp\/v2\/types\/post"}],"author":[{"embeddable":true,"href":"https:\/\/eec.cat\/blog\/wp-json\/wp\/v2\/users\/1"}],"replies":[{"embeddable":true,"href":"https:\/\/eec.cat\/blog\/wp-json\/wp\/v2\/comments?post=467"}],"version-history":[{"count":0,"href":"https:\/\/eec.cat\/blog\/wp-json\/wp\/v2\/posts\/467\/revisions"}],"wp:attachment":[{"href":"https:\/\/eec.cat\/blog\/wp-json\/wp\/v2\/media?parent=467"}],"wp:term":[{"taxonomy":"category","embeddable":true,"href":"https:\/\/eec.cat\/blog\/wp-json\/wp\/v2\/categories?post=467"},{"taxonomy":"post_tag","embeddable":true,"href":"https:\/\/eec.cat\/blog\/wp-json\/wp\/v2\/tags?post=467"}],"curies":[{"name":"wp","href":"https:\/\/api.w.org\/{rel}","templated":true}]}}