{"id":464,"date":"2014-01-27T10:03:33","date_gmt":"2014-01-27T10:03:33","guid":{"rendered":"http:\/\/eec.cat\/blog\/?p=464"},"modified":"2014-01-27T10:12:18","modified_gmt":"2014-01-27T10:12:18","slug":"dia-dia-27-de-gener-2-de-febrer","status":"publish","type":"post","link":"https:\/\/eec.cat\/blog\/dia-dia-27-de-gener-2-de-febrer\/","title":{"rendered":"Dia a Dia. 27 de gener &#8211; 2 de febrer"},"content":{"rendered":"<p><strong><span style=\"text-decoration: underline;\"><a href=\"http:\/\/eec.cat\/blog\/wp-content\/uploads\/2014\/01\/las-rocosas.jpg\"><img loading=\"lazy\" decoding=\"async\" class=\"alignleft size-thumbnail wp-image-465\" alt=\"las rocosas\" src=\"http:\/\/eec.cat\/blog\/wp-content\/uploads\/2014\/01\/las-rocosas-150x150.jpg\" width=\"150\" height=\"150\" \/><\/a>Dilluns, 27 de gener<\/span><\/strong><\/p>\n<p>Salm 42, 9-12<\/p>\n<p>No \u00e9s f\u00e0cil esperar, no \u00e9s senzill tindre paci\u00e8ncia. Per\u00f2 la resposta arribar\u00e0, el Senyor confirmar\u00e0 al seu amor per a testimoni de la nostra \u00e0nima, i aleshores, podrem tornar a cantar, i podrem tornar a dir-li: ets el D\u00e9u de la meva salvaci\u00f3<\/p>\n<p>&nbsp;<\/p>\n<p><strong><span style=\"text-decoration: underline;\">Dimarts, 28 de gener<\/span><\/strong><\/p>\n<p>Salm 46, 1-4<\/p>\n<p>No hi ha perill que sigui m\u00e9s gran que el nostre D\u00e9u, no hi ha prova que pugui superar la seva fortalesa, per aix\u00f2 confiem en Ell, perqu\u00e8 no hi ha refugi m\u00e9s ferm que els bra\u00e7os del Senyor.<\/p>\n<p>&nbsp;<\/p>\n<p><span style=\"text-decoration: underline;\"><b>Dimecres, 29 de gener<\/b><\/span><\/p>\n<p>Salm 56, 13-14<\/p>\n<p>No hem d\u2019oblidar de qui prov\u00e9 la nostra salvaci\u00f3, no hem d\u2019oblidar tot el que D\u00e9u ha fet per a nosaltres. I el recordar totes les seves accions ens t\u00e9 que empenya a transformar la nostra vida en la seva llum.<\/p>\n<p>&nbsp;<\/p>\n<p><span style=\"text-decoration: underline;\"><b>Dijous, 30 de gener<\/b><\/span><\/p>\n<p>Salm 57, 8-12<\/p>\n<p>L\u2019amor i la fidelitat del Senyor ens han d\u2019emp\u00e8nyer a lloar-lo i cantar-li, ens han de moure a donar-li tot l\u2019honor i la gl\u00f2ria. Pots recordar la fidelitat de D\u00e9u en algun moment d\u2019aquest dies? Para\u2019t i dona-li gr\u00e0cies. Ell mai ens oblida.<\/p>\n<p>&nbsp;<\/p>\n<p><span style=\"text-decoration: underline;\"><b>Divendres, 31 de gener<\/b><\/span><\/p>\n<p>Salm 60, 1-7<\/p>\n<p>En els moments dif\u00edcils, quan sembla que D\u00e9u no respon a les peticions del seu poble, quan mirem l\u2019esgl\u00e9sia i recordem temps millors, aleshores \u00e9s quan hem d\u2019aixecar la nostra veu. D\u00e9u vol que li parlem, que li expliquem les nostres dificultats. D\u00e9u vol xerrar amb nosaltres.<\/p>\n<p>&nbsp;<\/p>\n<p><span style=\"text-decoration: underline;\"><b>Dissabte, 1 de febrer<\/b><\/span><\/p>\n<p>Salm 61, 1-5<\/p>\n<p>Encara que estiguem lluny de D\u00e9u, Ell \u00e9s a prop per escoltar-nos. No hi ha dist\u00e0ncia entre el Senyor i nosaltres, perqu\u00e8 Ell sempre est\u00e0 disposat a acostar-se a nosaltres.<\/p>\n<p>&nbsp;<\/p>\n<p><span style=\"text-decoration: underline;\"><b>Diumenge, 2 de febrer<\/b><\/span><\/p>\n<p>Salm 62, 6-9<\/p>\n<p>Les dificultats poden fer que la desesperan\u00e7a ompli el nostre cor, per\u00f2 en aquests moments la sereno de la nostra ment ha d\u2019animar-nos a confiar en D\u00e9u. Podem abocar davant seu tot el nostre patiment, perqu\u00e8 Ell est\u00e0 disposat a salvar-nos.<\/p>\n","protected":false},"excerpt":{"rendered":"<p>Dilluns, 27 de gener Salm 42, 9-12 No \u00e9s f\u00e0cil esperar, no \u00e9s senzill tindre paci\u00e8ncia. Per\u00f2 la resposta arribar\u00e0, el Senyor confirmar\u00e0 al seu amor per a testimoni de la nostra \u00e0nima, i aleshores, podrem tornar a cantar, i podrem tornar a dir-li: ets el D\u00e9u de la meva salvaci\u00f3 &nbsp; Dimarts, 28 de [&hellip;]<\/p>\n","protected":false},"author":1,"featured_media":0,"comment_status":"open","ping_status":"open","sticky":false,"template":"","format":"standard","meta":{"_jetpack_memberships_contains_paid_content":false,"footnotes":""},"categories":[1,7],"tags":[],"class_list":["post-464","post","type-post","status-publish","format-standard","hentry","category-general","category-meditacions-diaries"],"jetpack_featured_media_url":"","jetpack_sharing_enabled":true,"_links":{"self":[{"href":"https:\/\/eec.cat\/blog\/wp-json\/wp\/v2\/posts\/464","targetHints":{"allow":["GET"]}}],"collection":[{"href":"https:\/\/eec.cat\/blog\/wp-json\/wp\/v2\/posts"}],"about":[{"href":"https:\/\/eec.cat\/blog\/wp-json\/wp\/v2\/types\/post"}],"author":[{"embeddable":true,"href":"https:\/\/eec.cat\/blog\/wp-json\/wp\/v2\/users\/1"}],"replies":[{"embeddable":true,"href":"https:\/\/eec.cat\/blog\/wp-json\/wp\/v2\/comments?post=464"}],"version-history":[{"count":0,"href":"https:\/\/eec.cat\/blog\/wp-json\/wp\/v2\/posts\/464\/revisions"}],"wp:attachment":[{"href":"https:\/\/eec.cat\/blog\/wp-json\/wp\/v2\/media?parent=464"}],"wp:term":[{"taxonomy":"category","embeddable":true,"href":"https:\/\/eec.cat\/blog\/wp-json\/wp\/v2\/categories?post=464"},{"taxonomy":"post_tag","embeddable":true,"href":"https:\/\/eec.cat\/blog\/wp-json\/wp\/v2\/tags?post=464"}],"curies":[{"name":"wp","href":"https:\/\/api.w.org\/{rel}","templated":true}]}}