{"id":459,"date":"2014-01-22T08:11:32","date_gmt":"2014-01-22T08:11:32","guid":{"rendered":"http:\/\/eec.cat\/blog\/?p=459"},"modified":"2014-01-22T08:14:59","modified_gmt":"2014-01-22T08:14:59","slug":"el-metodisme-capdepera-24-25-gener-2014","status":"publish","type":"post","link":"https:\/\/eec.cat\/blog\/el-metodisme-capdepera-24-25-gener-2014\/","title":{"rendered":"&#8220;El metodisme a Capdepera&#8221; 24 i 25 Gener 2014"},"content":{"rendered":"<p><a href=\"http:\/\/eec.cat\/blog\/wp-content\/uploads\/2014\/01\/metodisme.jpg\"><img loading=\"lazy\" decoding=\"async\" class=\"aligncenter size-medium wp-image-460\" alt=\"metodisme\" src=\"http:\/\/eec.cat\/blog\/wp-content\/uploads\/2014\/01\/metodisme-203x300.jpg\" width=\"203\" height=\"300\" srcset=\"https:\/\/eec.cat\/blog\/wp-content\/uploads\/2014\/01\/metodisme-203x300.jpg 203w, https:\/\/eec.cat\/blog\/wp-content\/uploads\/2014\/01\/metodisme-694x1024.jpg 694w, https:\/\/eec.cat\/blog\/wp-content\/uploads\/2014\/01\/metodisme.jpg 1592w\" sizes=\"auto, (max-width: 203px) 100vw, 203px\" \/><\/a><\/p>\n<p>Amb motiu del 75\u00e8 aniversari de la mort del fundador, L\u2019associaci\u00f3 Cultural Cap Vermell, amb el suport de l\u2019 Ajuntament de Capdepera, presenta el llibre\u00a0 <i>El metodisme\u00a0 a\u00a0 Capdepera<\/i> i organitza unes\u00a0 jornades que donen\u00a0 a con\u00e8ixer els fets i les persones que possibilitaren la pres\u00e8ncia d\u2019aquesta dissid\u00e8ncia en una \u00e8poca molt marcada pel fet religi\u00f3s.<\/p>\n<p>\u00c9s un recull de treballs centrats en el metodisme gabell\u00ed, per\u00f2 que no defugen la contextualitzaci\u00f3 en el marc insular: el Sexenni Revolucionari, la Restauraci\u00f3, la dictadura de Primo de Rivera, la Segona Rep\u00fablica, la Guerra Civil, el franquisme&#8230;, fets hist\u00f2rics en qu\u00e8 varen haver de viure i sobreviure els metodistes gabellins, la peculiaritat dels quals, segons escriu Carme Cap\u00f3 en el seu treball, sorgeix a Anglaterra, \u00aben els carrers i les places, en els camps oberts, en el fons de les mines i les tavernes\u2026, en el treball amb la gent que havia estat exclosa de la societat i de la mateixa Esgl\u00e9sia\u00bb.<\/p>\n<p>El llibre\u00a0cont\u00e9\u00a0 articles dels investigadors m\u00e9s prestigiosos sobre aquest tema.:<\/p>\n<p>Josep-Llu\u00eds Carod-Rovira, Director de la C\u00e0tedra sobre Diversitat Social de la Universitat Pompeu Fabra de Barcelona, coordinador del projecte &#8220;<i>El protestantisme als Pa\u00efsos Catalans. Una hist\u00f2ria subterr\u00e0nia<\/i>&#8221; i autor de l\u2019estudi preliminar d\u2019aquest llibre.<\/p>\n<p>Pere Fullana, historiador, periodista i Professor del Departament de Teoria i Hist\u00f2ria de la Educaci\u00f3 de la UIB.<\/p>\n<p>Carme Cap\u00f3 i Fuster, professora i llicenciada en Hist\u00f2ria.Especialitzada en l\u2019estudi del protestantisme a les terres catalanes,\u00e9s autora de <i>L\u2019obra metodista a Catalunya i les Balears<\/i> (1994) i <i>El protestantisme a les Illes Balears<\/i> (2009).<\/p>\n<p>Al costat d&#8217; aquesta n\u00f2mina, \u00a0els\u00a0 investigadors locals :<\/p>\n<p>Josep Terrassa,\u00a0 \u00e9s autor de nombrosos articles a Cap Vermell relacionats amb la hist\u00f2ria i la societat de Capdepera. Ha publicat <i>El castell deCapdepera<\/i> (1985) i <i>Patrimoni arqueol\u00f2gic del municipi de Capdepera<\/i> (1991).<\/p>\n<p>Miquel Llull,\u00a0 abans Flaquer, \u00e9s autor de <i>Ma\u00e7 de fulls escollits <\/i>(2012), una selecci\u00f3 dels articles publicats majorment a Cap Vermell.<\/p>\n<p>Caterina M. Amengual i Ant\u00f2nia Ballester (Capdepera, 1966) s\u00f3n llicenciades em ci\u00e8ncies de l\u2019educaci\u00f3 (UIB) i\u00a0Bartomeu Melis, els quals presenten documents de refer\u00e8ncia sobre un tema poc estudiat i analitzat a\u00a0 la Hist\u00f2ria de Capdepera i que ha ajudat a conformar la idiosincr\u00e0sia gabellina en els darrers 150 anys.<\/p>\n<p><em><strong>PROGRAMA<\/strong><\/em><\/p>\n<p><b><\/b>TEATRE DE CAPDEPERA<\/p>\n<p><strong><span style=\"text-decoration: underline;\">Divendres, 24 de gener de 2014<\/span><\/strong><\/p>\n<p><span style=\"color: #800000;\">A les 19h<\/span><\/p>\n<p>Presentaci\u00f3 del Llibre \u201cEl metodisme a Capdepera. 75\u00e8 anys de la mort de Bartomeu\u00a0Alou\u201d, a c\u00e0rrec de Josep Llu\u00eds Carod-Rovira, professor de la Universitat Rovira i Virgili\u00a0de Tarragona i coordinador de la Hist\u00f2ria del metodisme als Pa\u00efsos Catalans i autor del\u00a0pr\u00f2leg del libre<\/p>\n<p><span style=\"color: #800000;\">A les 20h<\/span><\/p>\n<p>Acte de presentaci\u00f3 de les Jornades d\u2019estudis locals i taula rodona amb els autors del\u00a0llibre. Modera: Isabel Moll Blanes, catedr\u00e0tica d\u2019Hist\u00f2ria contempor\u00e0nia de la UIB.<\/p>\n<p><span style=\"text-decoration: underline;\"><strong>Dissabte, 25 de gener<\/strong><\/span><\/p>\n<p>PON\u00c8NCIES I COMUNICACIONS:<\/p>\n<p><span style=\"color: #800000;\">9.30h<\/span><\/p>\n<p>\u201cConfrontaci\u00f3 catolicisme-protestantisme a Mallorca en el marc de la modernitat\u00a0(1868-1953)\u201d, a c\u00e0rrec de Pere Fullana.<\/p>\n<p><span style=\"color: #800000;\">10.30h<\/span><\/p>\n<p>\u201cBartomeu Alou i Capdepera\u201d, a c\u00e0rrec de Josep Terrassa<\/p>\n<p><span style=\"color: #800000;\">11h<\/span><\/p>\n<p>\u201cL\u2019escola metodista de Capdepera\u201d, a c\u00e0rrec de Caterina M. Amengual i Ant\u00f2nia\u00a0Ballester.<\/p>\n<p><span style=\"color: #800000;\">11.30h Pausa-caf\u00e8<\/span><\/p>\n<p><span style=\"color: #800000;\">12h<\/span><\/p>\n<p>\u201cBartomeu Alou i els missioners de la Societat Missionera Metodista Wesleyana:\u00a0hist\u00f2ria d&#8217;una fruct\u00edfera relaci\u00f3\u201d, a c\u00e0rrec de Carme Cap\u00f3.<\/p>\n<p><span style=\"color: #800000;\">13h<\/span><\/p>\n<p>\u201cMetodisme, socialisme i les dones gabellines\u201d, a c\u00e0rrec de Miquel Llull.<\/p>\n<p>Ho organitza: Associaci\u00f3 Cultural Cap Vermell, amb el suport de l\u2019Ajuntament de Capdepera.<\/p>\n<p><i>M\u00e9s informaci\u00f3<\/i> :<\/p>\n<p><a href=\"http:\/\/www.capvermell.org\">www.capvermell.org<\/a><\/p>\n<p><a href=\"http:\/\/www.ajcapdepera.net\">www.ajcapdepera.net<\/a><\/p>\n","protected":false},"excerpt":{"rendered":"<p>Amb motiu del 75\u00e8 aniversari de la mort del fundador, L\u2019associaci\u00f3 Cultural Cap Vermell, amb el suport de l\u2019 Ajuntament de Capdepera, presenta el llibre\u00a0 El metodisme\u00a0 a\u00a0 Capdepera i organitza unes\u00a0 jornades que donen\u00a0 a con\u00e8ixer els fets i les persones que possibilitaren la pres\u00e8ncia d\u2019aquesta dissid\u00e8ncia en una \u00e8poca molt marcada pel fet [&hellip;]<\/p>\n","protected":false},"author":1,"featured_media":0,"comment_status":"open","ping_status":"open","sticky":false,"template":"","format":"standard","meta":{"_jetpack_memberships_contains_paid_content":false,"footnotes":""},"categories":[4],"tags":[],"class_list":["post-459","post","type-post","status-publish","format-standard","hentry","category-noticies"],"jetpack_featured_media_url":"","jetpack_sharing_enabled":true,"_links":{"self":[{"href":"https:\/\/eec.cat\/blog\/wp-json\/wp\/v2\/posts\/459","targetHints":{"allow":["GET"]}}],"collection":[{"href":"https:\/\/eec.cat\/blog\/wp-json\/wp\/v2\/posts"}],"about":[{"href":"https:\/\/eec.cat\/blog\/wp-json\/wp\/v2\/types\/post"}],"author":[{"embeddable":true,"href":"https:\/\/eec.cat\/blog\/wp-json\/wp\/v2\/users\/1"}],"replies":[{"embeddable":true,"href":"https:\/\/eec.cat\/blog\/wp-json\/wp\/v2\/comments?post=459"}],"version-history":[{"count":0,"href":"https:\/\/eec.cat\/blog\/wp-json\/wp\/v2\/posts\/459\/revisions"}],"wp:attachment":[{"href":"https:\/\/eec.cat\/blog\/wp-json\/wp\/v2\/media?parent=459"}],"wp:term":[{"taxonomy":"category","embeddable":true,"href":"https:\/\/eec.cat\/blog\/wp-json\/wp\/v2\/categories?post=459"},{"taxonomy":"post_tag","embeddable":true,"href":"https:\/\/eec.cat\/blog\/wp-json\/wp\/v2\/tags?post=459"}],"curies":[{"name":"wp","href":"https:\/\/api.w.org\/{rel}","templated":true}]}}