{"id":453,"date":"2014-01-20T12:01:48","date_gmt":"2014-01-20T12:01:48","guid":{"rendered":"http:\/\/eec.cat\/blog\/?p=453"},"modified":"2014-01-20T12:01:48","modified_gmt":"2014-01-20T12:01:48","slug":"setmana-de-pregaria-per-la-unitat-dels-cristians-del-18-25-gener-2014","status":"publish","type":"post","link":"https:\/\/eec.cat\/blog\/setmana-de-pregaria-per-la-unitat-dels-cristians-del-18-25-gener-2014\/","title":{"rendered":"Setmana de preg\u00e0ria per la unitat dels cristians (del 18 &#8211; 25 gener 2014)"},"content":{"rendered":"<p>Font:CME<\/p>\n<p><a href=\"http:\/\/eec.cat\/blog\/wp-content\/uploads\/2014\/01\/unnamed.jpg\"><img loading=\"lazy\" decoding=\"async\" class=\"alignleft size-thumbnail wp-image-454\" alt=\"unnamed\" src=\"http:\/\/eec.cat\/blog\/wp-content\/uploads\/2014\/01\/unnamed-150x133.jpg\" width=\"150\" height=\"133\" \/><\/a>Almenys un cop l&#8217;any, molts cristians prenen consci\u00e8ncia de la gran diversitat de formes d&#8217;adorar a D\u00e9u, es commouen i cauen en el compte que no \u00e9s tan estranya la manera en qu\u00e8 el pro\u00efsme rendeix culte a D\u00e9u.<\/p>\n<p>L&#8217;esdeveniment que desencadena aquesta experi\u00e8ncia \u00fanica es coneix com la Setmana de preg\u00e0ria per la unitat dels cristians. Congregacions i parr\u00f2quies de tot el m\u00f3n prenen part en la setmana d&#8217;oraci\u00f3, que se celebra tradicionalment del 18 al 25 de gener (en l&#8217;hemisferi nord) i entorn de Pentecosta (a l&#8217;hemisferi sud). Durant aquest per\u00edode, s&#8217;intercanvien els p\u00falpits i s&#8217;organitzen oficis ecum\u00e8nics especials.<\/p>\n<p>Tema per a la Setmana de preg\u00e0ria per la unitat dels cristians 2014: \u00c9s que Crist est\u00e0 dividit? (1 Corintis 1, 1-17)<\/p>\n<p>Segueix llegint a:<\/p>\n<p><a href=\"http:\/\/www.oikoumene.org\/es\/resources\/week-of-prayer\">http:\/\/www.oikoumene.org\/es\/resources\/week-of-prayer<\/a><\/p>\n<p>&nbsp;<\/p>\n","protected":false},"excerpt":{"rendered":"<p>Font:CME Almenys un cop l&#8217;any, molts cristians prenen consci\u00e8ncia de la gran diversitat de formes d&#8217;adorar a D\u00e9u, es commouen i cauen en el compte que no \u00e9s tan estranya la manera en qu\u00e8 el pro\u00efsme rendeix culte a D\u00e9u. L&#8217;esdeveniment que desencadena aquesta experi\u00e8ncia \u00fanica es coneix com la Setmana de preg\u00e0ria per la [&hellip;]<\/p>\n","protected":false},"author":1,"featured_media":0,"comment_status":"open","ping_status":"open","sticky":false,"template":"","format":"standard","meta":{"_jetpack_memberships_contains_paid_content":false,"footnotes":""},"categories":[1],"tags":[],"class_list":["post-453","post","type-post","status-publish","format-standard","hentry","category-general"],"jetpack_featured_media_url":"","jetpack_sharing_enabled":true,"_links":{"self":[{"href":"https:\/\/eec.cat\/blog\/wp-json\/wp\/v2\/posts\/453","targetHints":{"allow":["GET"]}}],"collection":[{"href":"https:\/\/eec.cat\/blog\/wp-json\/wp\/v2\/posts"}],"about":[{"href":"https:\/\/eec.cat\/blog\/wp-json\/wp\/v2\/types\/post"}],"author":[{"embeddable":true,"href":"https:\/\/eec.cat\/blog\/wp-json\/wp\/v2\/users\/1"}],"replies":[{"embeddable":true,"href":"https:\/\/eec.cat\/blog\/wp-json\/wp\/v2\/comments?post=453"}],"version-history":[{"count":0,"href":"https:\/\/eec.cat\/blog\/wp-json\/wp\/v2\/posts\/453\/revisions"}],"wp:attachment":[{"href":"https:\/\/eec.cat\/blog\/wp-json\/wp\/v2\/media?parent=453"}],"wp:term":[{"taxonomy":"category","embeddable":true,"href":"https:\/\/eec.cat\/blog\/wp-json\/wp\/v2\/categories?post=453"},{"taxonomy":"post_tag","embeddable":true,"href":"https:\/\/eec.cat\/blog\/wp-json\/wp\/v2\/tags?post=453"}],"curies":[{"name":"wp","href":"https:\/\/api.w.org\/{rel}","templated":true}]}}