{"id":447,"date":"2014-01-20T11:52:01","date_gmt":"2014-01-20T11:52:01","guid":{"rendered":"http:\/\/eec.cat\/blog\/?p=447"},"modified":"2014-01-20T11:55:23","modified_gmt":"2014-01-20T11:55:23","slug":"qui-trobo-fora-de-tu","status":"publish","type":"post","link":"https:\/\/eec.cat\/blog\/qui-trobo-fora-de-tu\/","title":{"rendered":"Qui trobo fora de tu?"},"content":{"rendered":"<p><a href=\"http:\/\/eec.cat\/blog\/wp-content\/uploads\/2014\/01\/Sagaro-7758.jpg\"><img loading=\"lazy\" decoding=\"async\" class=\"alignleft size-thumbnail wp-image-448\" alt=\"S'agaro 7758\" src=\"http:\/\/eec.cat\/blog\/wp-content\/uploads\/2014\/01\/Sagaro-7758-150x150.jpg\" width=\"150\" height=\"150\" \/><\/a>Avui t\u2019escric perqu\u00e8 despr\u00e9s d\u2019aquests dies de celebracions, de joia per uns, de tristesa per d\u2019altres, necessito aturar-me en el meu caminar i pensar en tu.<\/p>\n<p>Vull deixar-me impregnar pel teu amor i, sentint-me estimada, perdonada i salvada, transmetre-ho als qui m\u2019acompanyen en aquest cam\u00ed que he empr\u00e8s.<\/p>\n<p>No s\u00f3c digna de res, aix\u00f2 ja fa temps que ho s\u00e9, per aix\u00f2 crec que el millor que puc fer \u00e9s donar-te les gr\u00e0cies pel que tu em d\u00f3nes, perqu\u00e8 vetlles per mi, perqu\u00e8 ets entre aquells que jo ja fa temps que vaig oblidar.<\/p>\n<p>Tots som homes, dones, nens\u00a0 nenes amb el mateix dret: dret a la vida, a l\u2019amor, a la felicitat i tanmateix sembla que l\u2019esclavatge no s\u2019ha abolit encara, ni l\u2019explotaci\u00f3, la viol\u00e8ncia, l\u2019odi, el menyspreu i l\u2019oblit tampoc.<\/p>\n<p>Voldria no tenir germans petits i febles que pateixen, voldria que tots f\u00f3ssim iguals. Per\u00f2 nom\u00e9s als teus ulls podem ser iguals perqu\u00e8 perdones als qui fem mal i consoles als ferits.<\/p>\n<p>L\u2019any ha comen\u00e7at aqu\u00ed amb un dia radiant. El cel \u00e9s d\u2019un blau n\u00edtid i viu i el sol no es cansa de mostrar-se espl\u00e8ndid escalfant amb els seus rajos a tots \u2013bons i dolents. No ho s\u00e9 pas com ha comen\u00e7at l\u2019any a S\u00edria, al Congo, a la Rep\u00fablica Centreafricana, als pa\u00efsos oblidats. Potser en el fons no ho vull saber i sembla\u00a0que els telenot\u00edcies tampoc. En lloc de focs d\u2019artifici, foc de metralla, en lloc d\u2019\u00e0pats al caliu, fam i mis\u00e8ria, en lloc de balls i crits d\u2019alegria, tristesa i\u00a0patiment.<\/p>\n<p>Es per aix\u00f2 que el meu pensament va en aquest sentit i excusa\u2019m per no tenir-ho tan present com ho hauria de fer, ni moure un dit per canviar aquests fets que em superen.<\/p>\n<p>Em conforta que tu siguis aqu\u00ed, que tot el que per a mi no t\u00e9 sentit, per a tu s\u00ed que en t\u00e9, que l\u2019inexplicable tingui finalmente una explicaci\u00f3. Impotent, et demano que, tal com el sol ho fa, vessis la teva clem\u00e8ncia en aquest m\u00f3n. Vull veure la llum al final de tot plegat.<\/p>\n<p>He guardat per a tu una petita flama en el meu cor, feble, per\u00f2 al capdavall una flama que em reconforta i em fa pensar que a la fi la just\u00edcia prevaldr\u00e0. Tu ets la meva esperan\u00e7a, la meva ra\u00f3 de viure i no entenc una vida sense tu de la mateixa manera que un infant no entendria la vida sense l\u2019amor dels seus pares.<\/p>\n<p>Tinc aquesta sort i voldria que tothom la tingu\u00e9s.<\/p>\n<p>La lluita di\u00e0ria, per\u00f2, continua; la renovaci\u00f3 de la meva fe l\u2019he de fer cada dia com qui es renta la cara davant del mirall cada mat\u00ed.<\/p>\n<p>Ajuda\u2019m, Senyor a seguir les petjades que el teu fill va fer per a mi. Perdona la meva debilitat, la poca perseveran\u00e7a i fes de tots nosaltres el teu mirall.<\/p>\n<p><i>Qui trobo al cel fora de tu? Si et tinc a tu, res no desitjo a la terra.<\/i><\/p>\n<p><i><\/i><i>El meu cos i el meu cor es desfaran, per\u00f2 D\u00e9u, la roca del meu cor, ser\u00e0 sempre la meva possessi\u00f3.<\/i><\/p>\n<p><strong>Salm 73, 25-26<\/strong><\/p>\n<p><strong>Al\u00edcia Pall\u00e0s i Cap\u00f3<\/strong><\/p>\n","protected":false},"excerpt":{"rendered":"<p>Avui t\u2019escric perqu\u00e8 despr\u00e9s d\u2019aquests dies de celebracions, de joia per uns, de tristesa per d\u2019altres, necessito aturar-me en el meu caminar i pensar en tu. Vull deixar-me impregnar pel teu amor i, sentint-me estimada, perdonada i salvada, transmetre-ho als qui m\u2019acompanyen en aquest cam\u00ed que he empr\u00e8s. No s\u00f3c digna de res, aix\u00f2 ja [&hellip;]<\/p>\n","protected":false},"author":1,"featured_media":0,"comment_status":"open","ping_status":"open","sticky":false,"template":"","format":"standard","meta":{"_jetpack_memberships_contains_paid_content":false,"footnotes":""},"categories":[6],"tags":[],"class_list":["post-447","post","type-post","status-publish","format-standard","hentry","category-reflexions"],"jetpack_featured_media_url":"","jetpack_sharing_enabled":true,"_links":{"self":[{"href":"https:\/\/eec.cat\/blog\/wp-json\/wp\/v2\/posts\/447","targetHints":{"allow":["GET"]}}],"collection":[{"href":"https:\/\/eec.cat\/blog\/wp-json\/wp\/v2\/posts"}],"about":[{"href":"https:\/\/eec.cat\/blog\/wp-json\/wp\/v2\/types\/post"}],"author":[{"embeddable":true,"href":"https:\/\/eec.cat\/blog\/wp-json\/wp\/v2\/users\/1"}],"replies":[{"embeddable":true,"href":"https:\/\/eec.cat\/blog\/wp-json\/wp\/v2\/comments?post=447"}],"version-history":[{"count":0,"href":"https:\/\/eec.cat\/blog\/wp-json\/wp\/v2\/posts\/447\/revisions"}],"wp:attachment":[{"href":"https:\/\/eec.cat\/blog\/wp-json\/wp\/v2\/media?parent=447"}],"wp:term":[{"taxonomy":"category","embeddable":true,"href":"https:\/\/eec.cat\/blog\/wp-json\/wp\/v2\/categories?post=447"},{"taxonomy":"post_tag","embeddable":true,"href":"https:\/\/eec.cat\/blog\/wp-json\/wp\/v2\/tags?post=447"}],"curies":[{"name":"wp","href":"https:\/\/api.w.org\/{rel}","templated":true}]}}