{"id":440,"date":"2014-01-20T08:23:02","date_gmt":"2014-01-20T08:23:02","guid":{"rendered":"http:\/\/eec.cat\/blog\/?p=440"},"modified":"2014-01-20T08:27:51","modified_gmt":"2014-01-20T08:27:51","slug":"dia-dia-20-de-gener-26-de-gener-2014","status":"publish","type":"post","link":"https:\/\/eec.cat\/blog\/dia-dia-20-de-gener-26-de-gener-2014\/","title":{"rendered":"Dia a dia. 20 de gener &#8211; 26 de gener 2014"},"content":{"rendered":"<p><b><a href=\"http:\/\/eec.cat\/blog\/wp-content\/uploads\/2014\/01\/ejipto2.jpg\"><img loading=\"lazy\" decoding=\"async\" class=\"alignleft size-thumbnail wp-image-441\" alt=\"ejipto2\" src=\"http:\/\/eec.cat\/blog\/wp-content\/uploads\/2014\/01\/ejipto2-150x150.jpg\" width=\"150\" height=\"150\" \/><\/a><span style=\"text-decoration: underline; color: #800000;\">Dilluns, 20 de gener<\/span><\/b><\/p>\n<p>Salm 32, 1-5<\/p>\n<p>Gaudir del perd\u00f3 \u00e9s all\u00f2 que allibera al nostre cor de la culpa. Perqu\u00e8 sentir-nos perdonats ens ofereix fugir d\u2019un cor encadenat. Les nostres passes poden errar, podem equivocar-nos en les nostres decisions, per\u00f2 sempre podem acudir a D\u00e9u perqu\u00e8 Ell ens ofereix la llibertat de les nostres errades.<\/p>\n<p>&nbsp;<\/p>\n<p><span style=\"text-decoration: underline; color: #800000;\"><b>Dimarts, 21 de gener<\/b><\/span><\/p>\n<p>Salm 33, 1-9<\/p>\n<p>Si pensem en la magnific\u00e8ncia de D\u00e9u, en qui \u00e9s Ell i qui som nosaltres, aleshores hem de lloar-lo, hem d\u2019al\u00e7ar un c\u00e0ntic cap a Ell, perqu\u00e8 en la nostra petitesa ens ha estimat, ens ha ofert promeses i sabem que les complir\u00e0.<\/p>\n<p>&nbsp;<\/p>\n<p><span style=\"text-decoration: underline; color: #800000;\"><b>Dimecres, 22 de gener<\/b><\/span><\/p>\n<p>Salm 35, 1-3<\/p>\n<p>Les nostres lluites no les hem de fer sols, D\u00e9u est\u00e0 disposat, no solament a acompanyar-nos, sin\u00f3 a gestar-les Ell mateix. Ens esforcem en defensar-nos quan la realitat \u00e9s que tenim el millor escut. D\u00e9u \u00e9s qui ens pot salvar.<\/p>\n<p>&nbsp;<\/p>\n<p><span style=\"text-decoration: underline; color: #800000;\"><b>Dijous, 23 de gener<\/b><\/span><\/p>\n<p>Salm 36, 6-11<\/p>\n<p>No hi ha res del creat que pugui abastar l\u2019amor i la miseric\u00f2rdia de D\u00e9u, no hi ha res que es pugui comparar a la seva just\u00edcia i a la seva plenitud. Aquest \u00e9s el nostre D\u00e9u, el que \u00e9s llum per la creaci\u00f3 i salvaci\u00f3 per a totes i tots.<\/p>\n<p>&nbsp;<\/p>\n<p><span style=\"text-decoration: underline; color: #800000;\"><b>Divendres, 24 de gener<\/b><\/span><\/p>\n<p>Salm 38, 10-16<\/p>\n<p>Quan no hi ha sortida al dolor i al patiment, quan sembla que la foscor acabar\u00e0 vencent i no hi haur\u00e0 salvaci\u00f3, en aquell moment \u00e9s quan hem de fer forta la nostra esperan\u00e7a en el D\u00e9u que salva, en el que sempre respon, encara que sigui amb un silenci.<\/p>\n<p>&nbsp;<\/p>\n<p><span style=\"text-decoration: underline; color: #800000;\"><b>Dissabte, 25 de gener<\/b><\/span><\/p>\n<p>Salm 39, 6-10<\/p>\n<p>El silenci \u00e9s el reconeixement de que les nostres paraules i les nostres accions, els nostre ser \u00e9s un no res davant del D\u00e9u totpoder\u00f3s. I callem, per\u00f2 callem amb un cor ple d\u2019esperan\u00e7a perqu\u00e8 aquest D\u00e9u meravell\u00f3s \u00e9s el que ens ha acollit entre els seus bra\u00e7os.<\/p>\n<p>&nbsp;<\/p>\n<p><span style=\"text-decoration: underline; color: #800000;\"><b>Diumenge, 26 de gener<\/b><\/span><\/p>\n<p>Salm 40, 1-4<\/p>\n<p>La nostra lloan\u00e7a \u00e9s el testimoni dels fets de D\u00e9u, el nostre cant \u00e9s la resposta a les seves accions. D\u00e9u ens aixeca i ens planta en llocs segurs, D\u00e9u redre\u00e7a les nostres passes per a transitar en avingudes amples.<\/p>\n<p>&nbsp;<\/p>\n","protected":false},"excerpt":{"rendered":"<p>Dilluns, 20 de gener Salm 32, 1-5 Gaudir del perd\u00f3 \u00e9s all\u00f2 que allibera al nostre cor de la culpa. Perqu\u00e8 sentir-nos perdonats ens ofereix fugir d\u2019un cor encadenat. Les nostres passes poden errar, podem equivocar-nos en les nostres decisions, per\u00f2 sempre podem acudir a D\u00e9u perqu\u00e8 Ell ens ofereix la llibertat de les nostres [&hellip;]<\/p>\n","protected":false},"author":1,"featured_media":0,"comment_status":"open","ping_status":"open","sticky":false,"template":"","format":"standard","meta":{"_jetpack_memberships_contains_paid_content":false,"footnotes":""},"categories":[7],"tags":[],"class_list":["post-440","post","type-post","status-publish","format-standard","hentry","category-meditacions-diaries"],"jetpack_featured_media_url":"","jetpack_sharing_enabled":true,"_links":{"self":[{"href":"https:\/\/eec.cat\/blog\/wp-json\/wp\/v2\/posts\/440","targetHints":{"allow":["GET"]}}],"collection":[{"href":"https:\/\/eec.cat\/blog\/wp-json\/wp\/v2\/posts"}],"about":[{"href":"https:\/\/eec.cat\/blog\/wp-json\/wp\/v2\/types\/post"}],"author":[{"embeddable":true,"href":"https:\/\/eec.cat\/blog\/wp-json\/wp\/v2\/users\/1"}],"replies":[{"embeddable":true,"href":"https:\/\/eec.cat\/blog\/wp-json\/wp\/v2\/comments?post=440"}],"version-history":[{"count":0,"href":"https:\/\/eec.cat\/blog\/wp-json\/wp\/v2\/posts\/440\/revisions"}],"wp:attachment":[{"href":"https:\/\/eec.cat\/blog\/wp-json\/wp\/v2\/media?parent=440"}],"wp:term":[{"taxonomy":"category","embeddable":true,"href":"https:\/\/eec.cat\/blog\/wp-json\/wp\/v2\/categories?post=440"},{"taxonomy":"post_tag","embeddable":true,"href":"https:\/\/eec.cat\/blog\/wp-json\/wp\/v2\/tags?post=440"}],"curies":[{"name":"wp","href":"https:\/\/api.w.org\/{rel}","templated":true}]}}