{"id":436,"date":"2014-01-13T09:14:35","date_gmt":"2014-01-13T09:14:35","guid":{"rendered":"http:\/\/eec.cat\/blog\/?p=436"},"modified":"2014-01-13T09:14:35","modified_gmt":"2014-01-13T09:14:35","slug":"dia-dia-13-de-gener-19-de-gener-2014","status":"publish","type":"post","link":"https:\/\/eec.cat\/blog\/dia-dia-13-de-gener-19-de-gener-2014\/","title":{"rendered":"Dia a Dia. 13 de gener &#8211; 19 de gener 2014."},"content":{"rendered":"<p><span style=\"text-decoration: underline;\"><b><a href=\"http:\/\/eec.cat\/blog\/wp-content\/uploads\/2014\/01\/hojas.jpg\"><img loading=\"lazy\" decoding=\"async\" class=\"alignleft size-thumbnail wp-image-437\" alt=\"hojas\" src=\"http:\/\/eec.cat\/blog\/wp-content\/uploads\/2014\/01\/hojas-150x150.jpg\" width=\"150\" height=\"150\" \/><\/a>Dilluns, 13 de gener<\/b><\/span><\/p>\n<p><b><\/b>Salm 19, 1-5<\/p>\n<p>La majestat de D\u00e9u ens envolta, la natura canta una lloan\u00e7a al creador. Hem de ser capa\u00e7os de veure la seva m\u00e0 al nostre voltant, els signes s\u00f3n presents. La griso dels nostres paisatges no ens deixa veure les estrelles, per\u00f2 elles brillen i poden il\u00b7luminar el nostre cant.<\/p>\n<p><span style=\"text-decoration: underline;\"><b>Dimarts, 14 de gener<\/b><\/span><\/p>\n<p>Salm 22, 1-2.23-25<\/p>\n<p>No sempre podem sentir el consol de D\u00e9u, no sempre ens adonem de que la seva m\u00e0 protectora \u00e9s a prop nostra, per\u00f2 el murmuri del seu amor \u00e9s present, el sigil\u00b7li de la seva miseric\u00f2rdia \u00e9s patent. La seva mirada sempre \u00e9s sobre nostre.<\/p>\n<p><span style=\"text-decoration: underline;\"><b>Dimecres, 15 de gener<\/b><\/span><\/p>\n<p>Salm 23<\/p>\n<p>Pots recitar-lo de mem\u00f2ria? Potser \u00e9s aquest un dels salms m\u00e9s coneguts. Avui et convido a repetir-lo al llarg del dia, a no oblidar-lo, a fer les seves paraules presents en la teva alegria o el teu dolor. El Senyor \u00e9s el meu pastor.<\/p>\n<p><span style=\"text-decoration: underline;\"><b>Dijous, 16 de gener<\/b><\/span><\/p>\n<p>Salm 24, 3-6<\/p>\n<p>El poble de D\u00e9u avan\u00e7a en la seva peregrinaci\u00f3 cap a l\u2019esperan\u00e7a d\u2019un m\u00f3n millor. En aquesta caminar anem aprenent que vol D\u00e9u de nosaltres, i dia a dia, pas a pas, ens adonem com la seva ensenyan\u00e7a es referma als nostres cors per a transformar-nos.<\/p>\n<p><span style=\"text-decoration: underline;\"><b>Divendres, 17 de gener<\/b><\/span><\/p>\n<p>Salm 27, 1-4<\/p>\n<p>Davant de qualsevol dificultat, quan ens enfrontem als perills m\u00e9s terribles i a les pors m\u00e9s fosques, aleshores \u00e9s quan hem d\u2019animar al nostre cor a cantar l\u2019alegria de la salvaci\u00f3 de D\u00e9u, \u00e9s aleshores quan hem de recordar que Ell ens protegeix.<\/p>\n<p><span style=\"text-decoration: underline;\"><b>Dissabte, 18 de gener<\/b><\/span><\/p>\n<p>Salm 28, 6-9<\/p>\n<p>Cantarem de goig quan ens adonem de que el Senyor ens escolta, cantarem de goig quan veiem la seva salvaci\u00f3. Cantarem de goig encara que avui plorem amb ll\u00e0grimes. Beneirem al Senyor perqu\u00e8 Ell \u00e9s la nostra for\u00e7a.<\/p>\n<p><span style=\"text-decoration: underline;\"><b>Diumenge, 19 de gener<\/b><\/span><\/p>\n<p>Salm 30, 1-6<\/p>\n<p>Crida, perqu\u00e8 els nostres crits s\u00f3n escoltats. Plora, perqu\u00e8 les nostres ll\u00e0grimes seran secades. La miseric\u00f2rdia del Senyor \u00e9s el que presideix la nostra vida, fins en els moments m\u00e9s complicats.<\/p>\n<p>&nbsp;<\/p>\n","protected":false},"excerpt":{"rendered":"<p>Dilluns, 13 de gener Salm 19, 1-5 La majestat de D\u00e9u ens envolta, la natura canta una lloan\u00e7a al creador. Hem de ser capa\u00e7os de veure la seva m\u00e0 al nostre voltant, els signes s\u00f3n presents. La griso dels nostres paisatges no ens deixa veure les estrelles, per\u00f2 elles brillen i poden il\u00b7luminar el nostre [&hellip;]<\/p>\n","protected":false},"author":1,"featured_media":0,"comment_status":"open","ping_status":"open","sticky":false,"template":"","format":"standard","meta":{"_jetpack_memberships_contains_paid_content":false,"footnotes":""},"categories":[7],"tags":[],"class_list":["post-436","post","type-post","status-publish","format-standard","hentry","category-meditacions-diaries"],"jetpack_featured_media_url":"","jetpack_sharing_enabled":true,"_links":{"self":[{"href":"https:\/\/eec.cat\/blog\/wp-json\/wp\/v2\/posts\/436","targetHints":{"allow":["GET"]}}],"collection":[{"href":"https:\/\/eec.cat\/blog\/wp-json\/wp\/v2\/posts"}],"about":[{"href":"https:\/\/eec.cat\/blog\/wp-json\/wp\/v2\/types\/post"}],"author":[{"embeddable":true,"href":"https:\/\/eec.cat\/blog\/wp-json\/wp\/v2\/users\/1"}],"replies":[{"embeddable":true,"href":"https:\/\/eec.cat\/blog\/wp-json\/wp\/v2\/comments?post=436"}],"version-history":[{"count":0,"href":"https:\/\/eec.cat\/blog\/wp-json\/wp\/v2\/posts\/436\/revisions"}],"wp:attachment":[{"href":"https:\/\/eec.cat\/blog\/wp-json\/wp\/v2\/media?parent=436"}],"wp:term":[{"taxonomy":"category","embeddable":true,"href":"https:\/\/eec.cat\/blog\/wp-json\/wp\/v2\/categories?post=436"},{"taxonomy":"post_tag","embeddable":true,"href":"https:\/\/eec.cat\/blog\/wp-json\/wp\/v2\/tags?post=436"}],"curies":[{"name":"wp","href":"https:\/\/api.w.org\/{rel}","templated":true}]}}