{"id":432,"date":"2014-01-09T10:21:48","date_gmt":"2014-01-09T10:21:48","guid":{"rendered":"http:\/\/eec.cat\/blog\/?p=432"},"modified":"2014-01-09T10:21:48","modified_gmt":"2014-01-09T10:21:48","slug":"dia-dia-2-de-gener-12-de-gener-2014","status":"publish","type":"post","link":"https:\/\/eec.cat\/blog\/dia-dia-2-de-gener-12-de-gener-2014\/","title":{"rendered":"Dia a Dia. 2 de gener &#8211; 12 de gener 2014"},"content":{"rendered":"<p><span style=\"text-decoration: underline;\"><b><a href=\"http:\/\/eec.cat\/blog\/wp-content\/uploads\/2014\/01\/nilo.jpg\"><img loading=\"lazy\" decoding=\"async\" class=\"alignleft size-thumbnail wp-image-433\" alt=\"nilo\" src=\"http:\/\/eec.cat\/blog\/wp-content\/uploads\/2014\/01\/nilo-150x150.jpg\" width=\"150\" height=\"150\" \/><\/a>Dijous, 2 de gener<\/b><\/span><\/p>\n<p>Salm 1<\/p>\n<p>Camina pels camins de D\u00e9u no \u00e9s quelcom que es fa per intu\u00efci\u00f3, \u00e9s la meditaci\u00f3 constants en la seva Paraula el que ens revela el que el Senyor demana de nosaltres. Donem gr\u00e0cies perqu\u00e8 D\u00e9u sempre est\u00e0 disposat a oferir-nos els seu consell.<\/p>\n<p><span style=\"text-decoration: underline;\"><b>Divendres, 3 de gener<\/b><\/span><\/p>\n<p>Salm 2, 10-12<\/p>\n<p>La veu prof\u00e8tica demana d\u2019aquells que tenen responsabilitats el seny de treballar pels altres, perqu\u00e8 el govern \u00e9s una responsabilitat vers la ciutadania. Preguem perqu\u00e8 aquest m\u00f3n s\u2019ompli de responsables amb un bon judici.<\/p>\n<p><span style=\"text-decoration: underline;\"><b>Dissabte, 4 de gener<\/b><\/span><\/p>\n<p>Salm 3, 4-8<\/p>\n<p>En mig d\u2019un m\u00f3n que fuig de la just\u00edcia i que, moltes vegades, es construeix com un enemic, la nostra confian\u00e7a ha de descansar en D\u00e9u, perqu\u00e8 Ell \u00e9s qui salva. Per aix\u00f2 no perillar\u00e0 ni la nostre son.<\/p>\n<p><span style=\"text-decoration: underline;\"><b>Diumenge, 5 de gener<\/b><\/span><\/p>\n<p>Salm 4, 2<\/p>\n<p>En el patiment i l\u2019angoixa, quan sembla que no hi ha resposta a les nostres preguntes, com en l\u2019exemple del salmista, D\u00e9u ens permet de demandar-li el seu ajut. Ell escolta, ell ens acull i ens abra\u00e7a, encara que, de vegades, no el sentim.<\/p>\n<p><span style=\"text-decoration: underline;\"><b>Dilluns, 6 de gener<\/b><\/span><\/p>\n<p>Salm 6, 1-5<\/p>\n<p>La confian\u00e7a en l\u2019amor de D\u00e9u ens permet de patir, ens d\u00f3na les forces necess\u00e0ries per a tirar endavant en mig de la prova. Moltes vegades hi ha que esperar la salvaci\u00f3 de D\u00e9u, per\u00f2 la nostra esperan\u00e7a \u00e9s que, aquesta, sempre arriba.<\/p>\n<p><span style=\"text-decoration: underline;\"><b>Dimarts, 7 de gener<\/b><\/span><\/p>\n<p>Salm 9, 8-11<\/p>\n<p>El judici de D\u00e9u es sempre a favor dels oprimits, la seva m\u00e0 sost\u00e9 la seva causa. Per aix\u00f2 la nostra lluita tamb\u00e9 ha de ser al seu costat, perqu\u00e8 nosaltres transitem per els camins del Senyor, pels camins de just\u00edcia.<\/p>\n<p><span style=\"text-decoration: underline;\"><b>Dimecres, 8 de gener<\/b><\/span><\/p>\n<p>Salm 10, 1.16-18<\/p>\n<p>Encara que sembli que el silenci de D\u00e9u atorgui llibertat als malvats, Ell segueix presidint aquest m\u00f3n. Per aix\u00f2 preguem amb const\u00e0ncia, perqu\u00e8 sabem que Ell escolta i que, en el seu temps, far\u00e0 just\u00edcia i implantar\u00e0 el seu Regne.<\/p>\n<p><span style=\"text-decoration: underline;\"><b>Dijous, 9 de gener<\/b><\/span><\/p>\n<p>Salm 13<\/p>\n<p>En els moments m\u00e9s dif\u00edcils de la nostra vida, quan sembla que no hi ha sortida i que vivim en l\u2019aband\u00f3 div\u00ed, \u00e9s quan m\u00e9s hem de confiar en el seu amor. Sabem que la seva salvaci\u00f3 arribar\u00e0 i per aix\u00f2 seguim lluitant en mig dels problemes.<\/p>\n<p><span style=\"text-decoration: underline;\"><b>Divendres, 10 de gener<\/b><\/span><\/p>\n<p>Salm 16, 9-11<\/p>\n<p>Davant de les decisions complicades sabem que D\u00e9u ens guiar\u00e0 pels camins correctes. La festa arribar\u00e0, encara que avui els nostres ulls estiguin plens de ll\u00e0grimes. D\u00e9u es fa present en les nostres dificultats i sentirem la seva m\u00e0 protectora.<\/p>\n<p><span style=\"text-decoration: underline;\"><b>Dissabte, 11 de gener<\/b><\/span><\/p>\n<p>Salm 17, 6-9<\/p>\n<p>Nit i dia, mat\u00ed i tarda, en tot moment D\u00e9u est\u00e0 disposat a ser la nostra salvaci\u00f3. Per aix\u00f2 invoquem el seu nom, amb la confian\u00e7a plena de que Ell ens guarda, perqu\u00e8 per a Ell som especials, som \u00fanics.<\/p>\n<p><span style=\"text-decoration: underline;\"><b>Diumenge, 12 de gener<\/b><\/span><\/p>\n<p>Salm 18, 1-7<\/p>\n<p>Despr\u00e9s del dolor, despr\u00e9s de la lluita, aleshores \u00e9s quan podem veure la m\u00e0 de D\u00e9u en tot un proc\u00e9s, \u00e9s aleshores quan, recordant el que hem viscut, podem proclamar i donar-li gr\u00e0cies perqu\u00e8 Ell ha sigut els nostre suport.<\/p>\n<p>&nbsp;<\/p>\n","protected":false},"excerpt":{"rendered":"<p>Dijous, 2 de gener Salm 1 Camina pels camins de D\u00e9u no \u00e9s quelcom que es fa per intu\u00efci\u00f3, \u00e9s la meditaci\u00f3 constants en la seva Paraula el que ens revela el que el Senyor demana de nosaltres. Donem gr\u00e0cies perqu\u00e8 D\u00e9u sempre est\u00e0 disposat a oferir-nos els seu consell. Divendres, 3 de gener Salm [&hellip;]<\/p>\n","protected":false},"author":1,"featured_media":0,"comment_status":"open","ping_status":"open","sticky":false,"template":"","format":"standard","meta":{"_jetpack_memberships_contains_paid_content":false,"footnotes":""},"categories":[1],"tags":[],"class_list":["post-432","post","type-post","status-publish","format-standard","hentry","category-general"],"jetpack_featured_media_url":"","jetpack_sharing_enabled":true,"_links":{"self":[{"href":"https:\/\/eec.cat\/blog\/wp-json\/wp\/v2\/posts\/432","targetHints":{"allow":["GET"]}}],"collection":[{"href":"https:\/\/eec.cat\/blog\/wp-json\/wp\/v2\/posts"}],"about":[{"href":"https:\/\/eec.cat\/blog\/wp-json\/wp\/v2\/types\/post"}],"author":[{"embeddable":true,"href":"https:\/\/eec.cat\/blog\/wp-json\/wp\/v2\/users\/1"}],"replies":[{"embeddable":true,"href":"https:\/\/eec.cat\/blog\/wp-json\/wp\/v2\/comments?post=432"}],"version-history":[{"count":0,"href":"https:\/\/eec.cat\/blog\/wp-json\/wp\/v2\/posts\/432\/revisions"}],"wp:attachment":[{"href":"https:\/\/eec.cat\/blog\/wp-json\/wp\/v2\/media?parent=432"}],"wp:term":[{"taxonomy":"category","embeddable":true,"href":"https:\/\/eec.cat\/blog\/wp-json\/wp\/v2\/categories?post=432"},{"taxonomy":"post_tag","embeddable":true,"href":"https:\/\/eec.cat\/blog\/wp-json\/wp\/v2\/tags?post=432"}],"curies":[{"name":"wp","href":"https:\/\/api.w.org\/{rel}","templated":true}]}}