{"id":253,"date":"2013-08-24T09:29:27","date_gmt":"2013-08-24T09:29:27","guid":{"rendered":"http:\/\/eec.cat\/blog\/?p=253"},"modified":"2026-04-05T19:18:17","modified_gmt":"2026-04-05T18:18:17","slug":"dia-a-dia-26-d%c2%b4agost-1-de-setembre","status":"publish","type":"post","link":"https:\/\/eec.cat\/blog\/dia-a-dia-26-d%c2%b4agost-1-de-setembre\/","title":{"rendered":"Dia a Dia. 26 d\u00b4Agost &#8211; 1 de Setembre"},"content":{"rendered":"<p><span style=\"color: #339966;\"><strong><span style=\"text-decoration: underline;\"><a href=\"http:\/\/eec.cat\/blog\/wp-content\/uploads\/2013\/07\/portbou.jpg\"><img loading=\"lazy\" decoding=\"async\" class=\"alignleft  wp-image-210\" alt=\"portbou\" src=\"http:\/\/eec.cat\/blog\/wp-content\/uploads\/2013\/07\/portbou-150x150.jpg\" width=\"135\" height=\"135\" \/><\/a>Dilluns 26 d\u2019agost<\/span><\/strong><\/span><\/p>\n<p><b>Salm 39<\/b><\/p>\n<p>La desesperan\u00e7a i el cansament ens fan viure vides buides, el salmista perdut en els seus problemes desaprofita els seus dies. Per\u00f2 el cant de dolor aixecat al Senyor \u00e9s escoltat, en ell trobem les forces per tirar endavant, per encetar un dia m\u00e9s.<\/p>\n<p><span style=\"text-decoration: underline; color: #339966;\"><strong>Dimarts 27 d\u2019agost<\/strong><\/span><\/p>\n<p><b>Romans 5, 1-5<\/b><\/p>\n<p>Encara que el rep\u00f2s no ens acompanya sempre, encara que les preocupacions ens neguitegen, encara que la vida ens d\u00f3na molts cops, malgrat tot, la nostra esperan\u00e7a \u00e9s ferma en el Senyor, perqu\u00e8 l\u2019Esperit Sant, que comparteix amb nosaltres la vida, ens manifesta dia a dia l\u2019amor de D\u00e9u.<\/p>\n<p><span style=\"color: #339966;\"><strong><span style=\"text-decoration: underline;\">Dimecres 28 d\u2019agost<\/span><\/strong><\/span><\/p>\n<p><b>Isa\u00efes 55, 4-6<\/b><\/p>\n<p>S\u2019acosta la just\u00edcia que no defalleix, ja arriba la salvaci\u00f3 que dura per sempre; aquesta \u00e9s la nostra confian\u00e7a, aquestes s\u00f3n les nostres seguretats. Lluitem i treballem perqu\u00e8 sabem quin \u00e9s l\u2019horitz\u00f3 que D\u00e9u ens ha mostrat.<\/p>\n<p><span style=\"color: #339966;\"><strong><span style=\"text-decoration: underline;\">Dijous 29 d\u2019agost<\/span><\/strong><\/span><\/p>\n<p><b>G\u00e0lates 5, 1-6<\/b><\/p>\n<p>La fe dels fills i les filles de D\u00e9u es manifesta en l\u2019amor i l\u2019esperan\u00e7a. No estem subjectes a cap llei, sin\u00f3 que l\u2019amor, que ens compromet m\u00e9s que la legalitat, ens fa treballar per l\u2019esperan\u00e7a que tenim.<\/p>\n<p><span style=\"color: #339966;\"><strong><span style=\"text-decoration: underline;\">Divendres 30 d\u2019agost<\/span><\/strong><\/span><\/p>\n<p><b>1 Joan 1, 5 \u2013 2, 2<\/b><\/p>\n<p>En el nostre viure, en el nostre treballar i lluitar, moltes vegades errem, moltes vegades en equivoquem, per\u00f2 la llum de D\u00e9u ens il\u00b7lumina, ens manifesta, ens fa veure amb claredat. Sota la seva llum seguim endavant, confiant que en Jes\u00fas ja hem sigut perdonats.<\/p>\n<p><span style=\"color: #339966;\"><strong><span style=\"text-decoration: underline;\">Dissabte 31 d\u2019agost<\/span><\/strong><\/span><\/p>\n<p><b>Salm 122<\/b><\/p>\n<p>S\u2019acaba el temps del rep\u00f2s, el temps del descans i iniciem la tornada cap a la nostra peregrinaci\u00f3 di\u00e0ria. El cam\u00ed de la rutina s\u2019obre davant nostre, per\u00f2 aquest temps pot esser de benedicci\u00f3 si ens adonem que els murs de Jerusalem ens esperen per acollir-nos. Tornem, com cada any, per\u00f2 fem-ho de forma nova.<\/p>\n<p><span style=\"color: #339966;\"><strong><span style=\"text-decoration: underline;\">Diumenge 1 de setembre<\/span><\/strong><\/span><\/p>\n<p><b>Mateo 11, 25-30<\/b><\/p>\n<p>Les rutines di\u00e0ries ens ofeguen i ens fan defallir, defallir no solament en l\u2019\u00e0nim sin\u00f3 tamb\u00e9 en els nostres valors. Jes\u00fas ens promet que trobarem descans, i que el trobaren en ell. No defallim aquell que ens sustenta ho far\u00e0 sempre, i amb amor i miseric\u00f2rdia.<\/p>\n","protected":false},"excerpt":{"rendered":"<p>Dilluns 26 d\u2019agost Salm 39 La desesperan\u00e7a i el cansament ens fan viure vides buides, el salmista perdut en els seus problemes desaprofita els seus dies. Per\u00f2 el cant de dolor aixecat al Senyor \u00e9s escoltat, en ell trobem les forces per tirar endavant, per encetar un dia m\u00e9s. Dimarts 27 d\u2019agost Romans 5, 1-5 [&hellip;]<\/p>\n","protected":false},"author":1,"featured_media":0,"comment_status":"closed","ping_status":"open","sticky":false,"template":"","format":"standard","meta":{"_jetpack_memberships_contains_paid_content":false,"footnotes":""},"categories":[7],"tags":[],"class_list":["post-253","post","type-post","status-publish","format-standard","hentry","category-meditacions-diaries"],"jetpack_featured_media_url":"","jetpack_sharing_enabled":true,"_links":{"self":[{"href":"https:\/\/eec.cat\/blog\/wp-json\/wp\/v2\/posts\/253","targetHints":{"allow":["GET"]}}],"collection":[{"href":"https:\/\/eec.cat\/blog\/wp-json\/wp\/v2\/posts"}],"about":[{"href":"https:\/\/eec.cat\/blog\/wp-json\/wp\/v2\/types\/post"}],"author":[{"embeddable":true,"href":"https:\/\/eec.cat\/blog\/wp-json\/wp\/v2\/users\/1"}],"replies":[{"embeddable":true,"href":"https:\/\/eec.cat\/blog\/wp-json\/wp\/v2\/comments?post=253"}],"version-history":[{"count":0,"href":"https:\/\/eec.cat\/blog\/wp-json\/wp\/v2\/posts\/253\/revisions"}],"wp:attachment":[{"href":"https:\/\/eec.cat\/blog\/wp-json\/wp\/v2\/media?parent=253"}],"wp:term":[{"taxonomy":"category","embeddable":true,"href":"https:\/\/eec.cat\/blog\/wp-json\/wp\/v2\/categories?post=253"},{"taxonomy":"post_tag","embeddable":true,"href":"https:\/\/eec.cat\/blog\/wp-json\/wp\/v2\/tags?post=253"}],"curies":[{"name":"wp","href":"https:\/\/api.w.org\/{rel}","templated":true}]}}