{"id":2147,"date":"2024-02-18T19:50:14","date_gmt":"2024-02-18T18:50:14","guid":{"rendered":"http:\/\/eec.cat\/blog\/?p=2147"},"modified":"2026-04-05T17:20:58","modified_gmt":"2026-04-05T16:20:58","slug":"dia-mundial-de-pregaria-2024","status":"publish","type":"post","link":"https:\/\/eec.cat\/blog\/dia-mundial-de-pregaria-2024\/","title":{"rendered":"Dia Mundial de Preg\u00e0ria 2024"},"content":{"rendered":"\n<h5 class=\"wp-block-heading has-text-align-left\"><strong>El primer divendres de mar\u00e7, el moviment del\u00a0Dia Mundial de Preg\u00e0ria\u00a0s\u2019uneix en oraci\u00f3 i acci\u00f3 en les comunitats locals de tot el m\u00f3n. Aquest any no \u00e9s diferent. Tornarem a pregar juntes aquest cop s\u00ed, el Dia Mundial de Preg\u00e0ria 2024 a l\u2019esgl\u00e9sia evang\u00e8lica de parla alemanya.<\/strong><\/h5>\n\n\n\n<p>Al final del segle XIX, les dones baptistes dels EUA van comen\u00e7ar a pregar i donar suport econ\u00f2micament a les missioneres escampades per tot el m\u00f3n. A poc a poc aquest moviment d\u2019oraci\u00f3 va anar creixent i ampliant-se, de manera que avui, en 140 pa\u00efsos, al llarg de tot el m\u00f3n, se celebrar\u00e0 el Dia Mundial de Preg\u00e0ria 2024. Aquest any la preparen les dones cristianes de Palestina. A Espanya se celebra des de 1950. Va comen\u00e7ar a l\u2019Esgl\u00e9sia Reformada Episcopal (Comuni\u00f3 Anglicana), i a l\u2019Esgl\u00e9sia Evang\u00e8lica Espanyola. Anys despr\u00e9s, es va incorporar tamb\u00e9 l\u2019Esgl\u00e9sia Cat\u00f2lica Romana.<\/p>\n\n\n\n<p class=\"has-text-align-left\">Preparat per dones que ens apropen al seu pa\u00eds i a les seves necessitats, est\u00e0 obert a dones i homes que vulguin tenir una experi\u00e8ncia religiosa que els uneixi a milers d\u2019homes i dones que preguen tamb\u00e9, amb la mateixa lit\u00fargia, en diferents franges hor\u00e0ries, aquest primer divendres de mar\u00e7.<\/p>\n\n\n\n<p class=\"has-text-align-left\">Aquest any t\u2019esperem<strong>&nbsp;divendres 1 de mar\u00e7 a les 19h<\/strong>&nbsp;a l\u2019<strong>esgl\u00e9sia evang\u00e8lica de parla alemanya<\/strong>. (<strong>carrer Brusi, 94<\/strong>&nbsp;\u2013 Barcelona). Celebrarem aquest dia dedicat a les esgl\u00e9sies de Palestina.<\/p>\n","protected":false},"excerpt":{"rendered":"<p>El primer divendres de mar\u00e7, el moviment del\u00a0Dia Mundial de Preg\u00e0ria\u00a0s\u2019uneix en oraci\u00f3 i acci\u00f3 en les comunitats locals de tot el m\u00f3n. Aquest any no \u00e9s diferent. Tornarem a pregar juntes aquest cop s\u00ed, el Dia Mundial de Preg\u00e0ria 2024 a l\u2019esgl\u00e9sia evang\u00e8lica de parla alemanya. Al final del segle XIX, les dones baptistes [&hellip;]<\/p>\n","protected":false},"author":1,"featured_media":2153,"comment_status":"closed","ping_status":"open","sticky":false,"template":"","format":"standard","meta":{"_jetpack_memberships_contains_paid_content":false,"footnotes":""},"categories":[5,1,4],"tags":[51,117,104],"class_list":["post-2147","post","type-post","status-publish","format-standard","has-post-thumbnail","hentry","category-activitats","category-general","category-noticies","tag-celebracio-ecumenica","tag-dmp","tag-pregaria"],"jetpack_featured_media_url":"https:\/\/eec.cat\/blog\/wp-content\/uploads\/2024\/02\/DMP-2024-rectificat-eec-scaled.jpg","jetpack_sharing_enabled":true,"_links":{"self":[{"href":"https:\/\/eec.cat\/blog\/wp-json\/wp\/v2\/posts\/2147","targetHints":{"allow":["GET"]}}],"collection":[{"href":"https:\/\/eec.cat\/blog\/wp-json\/wp\/v2\/posts"}],"about":[{"href":"https:\/\/eec.cat\/blog\/wp-json\/wp\/v2\/types\/post"}],"author":[{"embeddable":true,"href":"https:\/\/eec.cat\/blog\/wp-json\/wp\/v2\/users\/1"}],"replies":[{"embeddable":true,"href":"https:\/\/eec.cat\/blog\/wp-json\/wp\/v2\/comments?post=2147"}],"version-history":[{"count":0,"href":"https:\/\/eec.cat\/blog\/wp-json\/wp\/v2\/posts\/2147\/revisions"}],"wp:featuredmedia":[{"embeddable":true,"href":"https:\/\/eec.cat\/blog\/wp-json\/wp\/v2\/media\/2153"}],"wp:attachment":[{"href":"https:\/\/eec.cat\/blog\/wp-json\/wp\/v2\/media?parent=2147"}],"wp:term":[{"taxonomy":"category","embeddable":true,"href":"https:\/\/eec.cat\/blog\/wp-json\/wp\/v2\/categories?post=2147"},{"taxonomy":"post_tag","embeddable":true,"href":"https:\/\/eec.cat\/blog\/wp-json\/wp\/v2\/tags?post=2147"}],"curies":[{"name":"wp","href":"https:\/\/api.w.org\/{rel}","templated":true}]}}