{"id":2120,"date":"2021-03-01T10:10:25","date_gmt":"2021-03-01T10:10:25","guid":{"rendered":"http:\/\/eec.cat\/blog\/?p=2120"},"modified":"2026-04-05T17:22:04","modified_gmt":"2026-04-05T16:22:04","slug":"lart-dentendre-la-narracio-biblica-2","status":"publish","type":"post","link":"https:\/\/eec.cat\/blog\/lart-dentendre-la-narracio-biblica-2\/","title":{"rendered":"L&#8217;Art d&#8217;entendre la narraci\u00f3 b\u00edblica."},"content":{"rendered":"\n<p>Dins de la s\u00e8rie de tallers organitzats pel Consell Pastoral de l&#8217;EEC, d&#8217;eines per el culte cristi\u00e0, aquest dissabte 6 de mar\u00e7 a les 9h del mat\u00ed, via telem\u00e0tica amb Zoom, la Pra. Marta Lopez impartir\u00e0 aquesta introducci\u00f3 a la narraci\u00f3 b\u00edblica pensada tant per a predicadors\/es aix\u00ed com per educadors\/es de ministeris eclesials: Escoles Dominicals, Estudis B\u00edblics, etc.<\/p>\n\n\n\n<div class=\"wp-block-file\"><a href=\"http:\/\/eec.cat\/blog\/wp-content\/uploads\/2021\/03\/Homiletica-Marta-1.pdf\">Homiletica-Marta-1<\/a><a href=\"http:\/\/eec.cat\/blog\/wp-content\/uploads\/2021\/03\/Homiletica-Marta-1.pdf\" class=\"wp-block-file__button\" download>Baixa<\/a><\/div>\n","protected":false},"excerpt":{"rendered":"<p>Dins de la s\u00e8rie de tallers organitzats pel Consell Pastoral de l&#8217;EEC, d&#8217;eines per el culte cristi\u00e0, aquest dissabte 6 de mar\u00e7 a les 9h del mat\u00ed, via telem\u00e0tica amb Zoom, la Pra. Marta Lopez impartir\u00e0 aquesta introducci\u00f3 a la narraci\u00f3 b\u00edblica pensada tant per a predicadors\/es aix\u00ed com per educadors\/es de ministeris eclesials: Escoles [&hellip;]<\/p>\n","protected":false},"author":1,"featured_media":2118,"comment_status":"closed","ping_status":"open","sticky":false,"template":"","format":"standard","meta":{"_jetpack_memberships_contains_paid_content":false,"footnotes":""},"categories":[5,1,4],"tags":[],"class_list":["post-2120","post","type-post","status-publish","format-standard","has-post-thumbnail","hentry","category-activitats","category-general","category-noticies"],"jetpack_sharing_enabled":true,"jetpack_featured_media_url":"https:\/\/eec.cat\/blog\/wp-content\/uploads\/2021\/03\/Homiletica-Marta-1-scaled.jpg","_links":{"self":[{"href":"https:\/\/eec.cat\/blog\/wp-json\/wp\/v2\/posts\/2120","targetHints":{"allow":["GET"]}}],"collection":[{"href":"https:\/\/eec.cat\/blog\/wp-json\/wp\/v2\/posts"}],"about":[{"href":"https:\/\/eec.cat\/blog\/wp-json\/wp\/v2\/types\/post"}],"author":[{"embeddable":true,"href":"https:\/\/eec.cat\/blog\/wp-json\/wp\/v2\/users\/1"}],"replies":[{"embeddable":true,"href":"https:\/\/eec.cat\/blog\/wp-json\/wp\/v2\/comments?post=2120"}],"version-history":[{"count":1,"href":"https:\/\/eec.cat\/blog\/wp-json\/wp\/v2\/posts\/2120\/revisions"}],"predecessor-version":[{"id":2624,"href":"https:\/\/eec.cat\/blog\/wp-json\/wp\/v2\/posts\/2120\/revisions\/2624"}],"wp:featuredmedia":[{"embeddable":true,"href":"https:\/\/eec.cat\/blog\/wp-json\/wp\/v2\/media\/2118"}],"wp:attachment":[{"href":"https:\/\/eec.cat\/blog\/wp-json\/wp\/v2\/media?parent=2120"}],"wp:term":[{"taxonomy":"category","embeddable":true,"href":"https:\/\/eec.cat\/blog\/wp-json\/wp\/v2\/categories?post=2120"},{"taxonomy":"post_tag","embeddable":true,"href":"https:\/\/eec.cat\/blog\/wp-json\/wp\/v2\/tags?post=2120"}],"curies":[{"name":"wp","href":"https:\/\/api.w.org\/{rel}","templated":true}]}}