{"id":2103,"date":"2021-01-19T07:31:21","date_gmt":"2021-01-19T07:31:21","guid":{"rendered":"http:\/\/eec.cat\/blog\/?p=2103"},"modified":"2026-04-05T17:22:04","modified_gmt":"2026-04-05T16:22:04","slug":"setmana-de-pregaria-per-a-la-unitat-dels-cristians-2021","status":"publish","type":"post","link":"https:\/\/eec.cat\/blog\/setmana-de-pregaria-per-a-la-unitat-dels-cristians-2021\/","title":{"rendered":"Setmana de preg\u00e0ria per a la unitat dels cristians 2021"},"content":{"rendered":"\n<p>&#8220;Estigueu&nbsp;en el meu amor&nbsp;i&nbsp;donareu&nbsp;fruit en&nbsp;abund\u00e0ncia&#8221;&nbsp;(Jn&nbsp;15:&nbsp;5-9)&#8221;<\/p>\n\n\n\n<p>Tot&nbsp;i&nbsp;la dif\u00edcil&nbsp;situaci\u00f3 que&nbsp;estem&nbsp;patint&nbsp;per&nbsp;la pand\u00e8mia, ahir&nbsp;dilluns 18 de&nbsp;gener es va inaugurar&nbsp;la setmana&nbsp;de Preg\u00e0ria per a la&nbsp;Unitat dels&nbsp;Cristians, en el temple&nbsp;de Santa&nbsp;Maria&nbsp;del Mar&nbsp;de Barcelona amb la&nbsp;participaci\u00f3&nbsp;de diferents&nbsp;fam\u00edlies cristianes:&nbsp;Esgl\u00e9sia&nbsp;Cat\u00f2lica&nbsp;Romana,&nbsp;Esgl\u00e9sies&nbsp;Protestants&nbsp;i&nbsp;Evang\u00e8liques,&nbsp;Esgl\u00e9sia&nbsp;Anglicana,&nbsp;Esgl\u00e9sia Reformada Episcopal,&nbsp;aix\u00ed com  l&#8217;Esgl\u00e9sia&nbsp;Ortodoxa.&nbsp;A&nbsp;l&#8217;acte&nbsp;va assistir&nbsp;la nostra&nbsp;Delegada&nbsp;d&#8217;Ecumenisme&nbsp;la&nbsp;Pra.&nbsp;Marta&nbsp;L\u00f3pez i&nbsp;Ballalta.<\/p>\n\n\n\n<p>Sota el lema &#8220;Estigueu en el meu amor i donareu fruit en abund\u00e0ncia&#8221; (Jn 15: 5-9)&#8221; que han proposat les nostres germanes des de la Comunitat de Grandchamp a Su\u00efssa, que ens pregunten: \u00bfcom puc dir que estimo D\u00e9u si no estimo la meva germana o al meu germ\u00e0 que viuen al meu costat? &#8220;<\/p>\n\n\n\n<p>Durant aquesta setmana i fins al dia 25 de gener, tindrem diferents actes ecum\u00e8nics, alguns d&#8217;\u00e0mbit m\u00e9s local, altres m\u00e9s institucionals, per\u00f2 molt menys que l&#8217;any passat, ja que en molts casos s&#8217;ha acordat de passar aquest actes a prop de Pentecosta (la setmana del 22 de maig) esperant que hagi millorat llavors la situaci\u00f3 que vivim amb la Covid19. \u00c9s aquest el cas de la celebraci\u00f3 organitzada per l&#8217;Esgl\u00e9sia Evang\u00e8lica de Catalunya, que ha preferit de posposar l&#8217;acte per llavors.<\/p>\n\n\n\n<p>Podeu veure una petita entrevista a la Pra. Marta L\u00f3pez sobre aquesta setmana de preg\u00e0ria:<\/p>\n\n\n\n<figure class=\"wp-block-embed is-type-video is-provider-youtube wp-block-embed-youtube wp-embed-aspect-16-9 wp-has-aspect-ratio\"><div class=\"wp-block-embed__wrapper\">\n<iframe loading=\"lazy\" title=\"Prenent el pols a l&#039;ecumenisme (1)\" width=\"640\" height=\"360\" src=\"https:\/\/www.youtube.com\/embed\/tsL5eMcvJOc?feature=oembed\" frameborder=\"0\" allow=\"accelerometer; autoplay; clipboard-write; encrypted-media; gyroscope; picture-in-picture; web-share\" referrerpolicy=\"strict-origin-when-cross-origin\" allowfullscreen><\/iframe>\n<\/div><\/figure>\n\n\n\n<p>I podeu descarregar els materials de la Setmana de Preg\u00e0ria, en castell\u00e0 <a href=\"https:\/\/www.oikoumene.org\/es\/resources\/documents\/worship-and-background-material-for-the-week-of-prayer-for-christian-unity-2021\" target=\"_blank\" rel=\"noreferrer noopener\">aqu\u00ed<\/a><\/p>\n","protected":false},"excerpt":{"rendered":"<p>&#8220;Estigueu&nbsp;en el meu amor&nbsp;i&nbsp;donareu&nbsp;fruit en&nbsp;abund\u00e0ncia&#8221;&nbsp;(Jn&nbsp;15:&nbsp;5-9)&#8221; Tot&nbsp;i&nbsp;la dif\u00edcil&nbsp;situaci\u00f3 que&nbsp;estem&nbsp;patint&nbsp;per&nbsp;la pand\u00e8mia, ahir&nbsp;dilluns 18 de&nbsp;gener es va inaugurar&nbsp;la setmana&nbsp;de Preg\u00e0ria per a la&nbsp;Unitat dels&nbsp;Cristians, en el temple&nbsp;de Santa&nbsp;Maria&nbsp;del Mar&nbsp;de Barcelona amb la&nbsp;participaci\u00f3&nbsp;de diferents&nbsp;fam\u00edlies cristianes:&nbsp;Esgl\u00e9sia&nbsp;Cat\u00f2lica&nbsp;Romana,&nbsp;Esgl\u00e9sies&nbsp;Protestants&nbsp;i&nbsp;Evang\u00e8liques,&nbsp;Esgl\u00e9sia&nbsp;Anglicana,&nbsp;Esgl\u00e9sia Reformada Episcopal,&nbsp;aix\u00ed com l&#8217;Esgl\u00e9sia&nbsp;Ortodoxa.&nbsp;A&nbsp;l&#8217;acte&nbsp;va assistir&nbsp;la nostra&nbsp;Delegada&nbsp;d&#8217;Ecumenisme&nbsp;la&nbsp;Pra.&nbsp;Marta&nbsp;L\u00f3pez i&nbsp;Ballalta. Sota el lema &#8220;Estigueu en el meu amor i donareu fruit en abund\u00e0ncia&#8221; (Jn 15: 5-9)&#8221; que [&hellip;]<\/p>\n","protected":false},"author":1,"featured_media":2104,"comment_status":"closed","ping_status":"open","sticky":false,"template":"","format":"standard","meta":{"_jetpack_memberships_contains_paid_content":false,"footnotes":""},"categories":[4],"tags":[],"class_list":["post-2103","post","type-post","status-publish","format-standard","has-post-thumbnail","hentry","category-noticies"],"jetpack_sharing_enabled":true,"jetpack_featured_media_url":"https:\/\/eec.cat\/blog\/wp-content\/uploads\/2021\/01\/Celebracio-ecumenica-Santa-Maria-del-Mar-2021.jpg","_links":{"self":[{"href":"https:\/\/eec.cat\/blog\/wp-json\/wp\/v2\/posts\/2103","targetHints":{"allow":["GET"]}}],"collection":[{"href":"https:\/\/eec.cat\/blog\/wp-json\/wp\/v2\/posts"}],"about":[{"href":"https:\/\/eec.cat\/blog\/wp-json\/wp\/v2\/types\/post"}],"author":[{"embeddable":true,"href":"https:\/\/eec.cat\/blog\/wp-json\/wp\/v2\/users\/1"}],"replies":[{"embeddable":true,"href":"https:\/\/eec.cat\/blog\/wp-json\/wp\/v2\/comments?post=2103"}],"version-history":[{"count":1,"href":"https:\/\/eec.cat\/blog\/wp-json\/wp\/v2\/posts\/2103\/revisions"}],"predecessor-version":[{"id":2625,"href":"https:\/\/eec.cat\/blog\/wp-json\/wp\/v2\/posts\/2103\/revisions\/2625"}],"wp:featuredmedia":[{"embeddable":true,"href":"https:\/\/eec.cat\/blog\/wp-json\/wp\/v2\/media\/2104"}],"wp:attachment":[{"href":"https:\/\/eec.cat\/blog\/wp-json\/wp\/v2\/media?parent=2103"}],"wp:term":[{"taxonomy":"category","embeddable":true,"href":"https:\/\/eec.cat\/blog\/wp-json\/wp\/v2\/categories?post=2103"},{"taxonomy":"post_tag","embeddable":true,"href":"https:\/\/eec.cat\/blog\/wp-json\/wp\/v2\/tags?post=2103"}],"curies":[{"name":"wp","href":"https:\/\/api.w.org\/{rel}","templated":true}]}}