{"id":2086,"date":"2020-07-17T15:19:15","date_gmt":"2020-07-17T15:19:15","guid":{"rendered":"http:\/\/eec.cat\/blog\/?p=2086"},"modified":"2026-04-05T17:22:05","modified_gmt":"2026-04-05T16:22:05","slug":"cessament-de-lactivitat-presencial-als-nostres-temples","status":"publish","type":"post","link":"https:\/\/eec.cat\/blog\/cessament-de-lactivitat-presencial-als-nostres-temples\/","title":{"rendered":"Cessament de l&#8217;activitat presencial als nostres temples"},"content":{"rendered":"\n<p>A causa de l&#8217;augment de brots de Covid19 que s&#8217;estan donant al nostre pa\u00eds, i seguint les recomanacions de les autoritats sanit\u00e0ries, us comuniquem que els temples de l&#8217;Esgl\u00e9sia Evang\u00e8lica de Catalunya romandran tancats a tota activitat.<br>Els cultes i altres serveis es desenvoluparan via telem\u00e0tica fins qu\u00e8 la situaci\u00f3 millori prou per poder tornar a obrir.<\/p>\n\n\n\n<p><em>\u00abPer tant, no us preocupeu pensant qu\u00e8 menjareu, o qu\u00e8 beureu, o com us vestireu. Tot aix\u00f2, els pagans ho busquen amb neguit, per\u00f2 el vostre Pare celestial ja sap prou que en teniu necessitat. Vosaltres, busqueu primer el Regne de D\u00e9u i fer el que ell vol, i tot aix\u00f2 us ho donar\u00e0 de m\u00e9s a m\u00e9s. No us preocupeu, doncs, pel dem\u00e0, que el dem\u00e0 ja s\u2019ocupar\u00e0 d\u2019ell mateix. Cada dia en t\u00e9 prou amb els seus maldecaps\u00bb\u00a0\u00a0\u00a0\u00a0\u00a0\u00a0\u00a0\u00a0\u00a0\u00a0\u00a0\u00a0\u00a0\u00a0\u00a0\u00a0\u00a0\u00a0\u00a0\u00a0\u00a0\u00a0\u00a0\u00a0\u00a0\u00a0\u00a0\u00a0\u00a0\u00a0\u00a0\u00a0\u00a0\u00a0\u00a0\u00a0\u00a0\u00a0\u00a0\u00a0\u00a0\u00a0\u00a0\u00a0\u00a0\u00a0\u00a0\u00a0\u00a0\u00a0\u00a0\u00a0\u00a0\u00a0\u00a0\u00a0\u00a0\u00a0\u00a0\u00a0\u00a0\u00a0\u00a0\u00a0\u00a0\u00a0\u00a0\u00a0\u00a0\u00a0\u00a0\u00a0\u00a0\u00a0\u00a0\u00a0\u00a0\u00a0\u00a0\u00a0\u00a0\u00a0\u00a0\u00a0\u00a0\u00a0Mt. 6:31-34<\/em><\/p>\n","protected":false},"excerpt":{"rendered":"<p>A causa de l&#8217;augment de brots de Covid19 que s&#8217;estan donant al nostre pa\u00eds, i seguint les recomanacions de les autoritats sanit\u00e0ries, us comuniquem que els temples de l&#8217;Esgl\u00e9sia Evang\u00e8lica de Catalunya romandran tancats a tota activitat.Els cultes i altres serveis es desenvoluparan via telem\u00e0tica fins qu\u00e8 la situaci\u00f3 millori prou per poder tornar a [&hellip;]<\/p>\n","protected":false},"author":1,"featured_media":0,"comment_status":"closed","ping_status":"open","sticky":false,"template":"","format":"standard","meta":{"_jetpack_memberships_contains_paid_content":false,"footnotes":""},"categories":[1],"tags":[],"class_list":["post-2086","post","type-post","status-publish","format-standard","hentry","category-general"],"jetpack_sharing_enabled":true,"jetpack_featured_media_url":"","_links":{"self":[{"href":"https:\/\/eec.cat\/blog\/wp-json\/wp\/v2\/posts\/2086","targetHints":{"allow":["GET"]}}],"collection":[{"href":"https:\/\/eec.cat\/blog\/wp-json\/wp\/v2\/posts"}],"about":[{"href":"https:\/\/eec.cat\/blog\/wp-json\/wp\/v2\/types\/post"}],"author":[{"embeddable":true,"href":"https:\/\/eec.cat\/blog\/wp-json\/wp\/v2\/users\/1"}],"replies":[{"embeddable":true,"href":"https:\/\/eec.cat\/blog\/wp-json\/wp\/v2\/comments?post=2086"}],"version-history":[{"count":1,"href":"https:\/\/eec.cat\/blog\/wp-json\/wp\/v2\/posts\/2086\/revisions"}],"predecessor-version":[{"id":2626,"href":"https:\/\/eec.cat\/blog\/wp-json\/wp\/v2\/posts\/2086\/revisions\/2626"}],"wp:attachment":[{"href":"https:\/\/eec.cat\/blog\/wp-json\/wp\/v2\/media?parent=2086"}],"wp:term":[{"taxonomy":"category","embeddable":true,"href":"https:\/\/eec.cat\/blog\/wp-json\/wp\/v2\/categories?post=2086"},{"taxonomy":"post_tag","embeddable":true,"href":"https:\/\/eec.cat\/blog\/wp-json\/wp\/v2\/tags?post=2086"}],"curies":[{"name":"wp","href":"https:\/\/api.w.org\/{rel}","templated":true}]}}