{"id":2046,"date":"2019-09-03T08:23:46","date_gmt":"2019-09-03T08:23:46","guid":{"rendered":"http:\/\/eec.cat\/blog\/?p=2046"},"modified":"2026-04-05T17:22:07","modified_gmt":"2026-04-05T16:22:07","slug":"la-memoria-robada-al-memorial-democratic-de-la-generalitat","status":"publish","type":"post","link":"https:\/\/eec.cat\/blog\/la-memoria-robada-al-memorial-democratic-de-la-generalitat\/","title":{"rendered":"&#8220;La Memoria Robada&#8221; al Memorial Democr\u00e0tic de la Generalitat"},"content":{"rendered":"\n<p>Despr\u00e9s de diverses presentacions, l&#8217;Andreu Rodr\u00edguez torna a Barcelona per a presentar la seva novel\u00b7la hist\u00f2rica &#8220;La Memoria Robada&#8221;, en aquesta ocasi\u00f3 la presentaci\u00f3 tindr\u00e0 lloc al Memorial Democr\u00e0tic de la Generalitat de Catalunya.<\/p>\n\n\n\n<p>Comptarem amb la participaci\u00f3 de na Marta Sim\u00f3, Doctora en Sociologia, en V\u00edctor Hernandez, Doctor en Psicologia i pastor de la IEE, i en Isaac Garc\u00eda-Os\u00e9s, Doctor en Hist\u00f2ria.<\/p>\n\n\n\n<p>Ser\u00e0 el dijous 19 de setembre a les 19:00 h, al carrer Peu de la Creu, 4 de Barcelona.<\/p>\n\n\n\n<p><a href=\"https:\/\/www.facebook.com\/andres.rodriguezdomingo\/videos\/10211485218124670\/\">https:\/\/www.facebook.com\/andres.rodriguezdomingo\/videos\/10211485218124670\/<\/a><\/p>\n","protected":false},"excerpt":{"rendered":"<p>Despr\u00e9s de diverses presentacions, l&#8217;Andreu Rodr\u00edguez torna a Barcelona per a presentar la seva novel\u00b7la hist\u00f2rica &#8220;La Memoria Robada&#8221;, en aquesta ocasi\u00f3 la presentaci\u00f3 tindr\u00e0 lloc al Memorial Democr\u00e0tic de la Generalitat de Catalunya. Comptarem amb la participaci\u00f3 de na Marta Sim\u00f3, Doctora en Sociologia, en V\u00edctor Hernandez, Doctor en Psicologia i pastor de la [&hellip;]<\/p>\n","protected":false},"author":1,"featured_media":2047,"comment_status":"closed","ping_status":"open","sticky":false,"template":"","format":"standard","meta":{"_jetpack_memberships_contains_paid_content":false,"footnotes":""},"categories":[5,4],"tags":[],"class_list":["post-2046","post","type-post","status-publish","format-standard","has-post-thumbnail","hentry","category-activitats","category-noticies"],"jetpack_sharing_enabled":true,"jetpack_featured_media_url":"https:\/\/eec.cat\/blog\/wp-content\/uploads\/2019\/09\/cartell-copia.png","_links":{"self":[{"href":"https:\/\/eec.cat\/blog\/wp-json\/wp\/v2\/posts\/2046","targetHints":{"allow":["GET"]}}],"collection":[{"href":"https:\/\/eec.cat\/blog\/wp-json\/wp\/v2\/posts"}],"about":[{"href":"https:\/\/eec.cat\/blog\/wp-json\/wp\/v2\/types\/post"}],"author":[{"embeddable":true,"href":"https:\/\/eec.cat\/blog\/wp-json\/wp\/v2\/users\/1"}],"replies":[{"embeddable":true,"href":"https:\/\/eec.cat\/blog\/wp-json\/wp\/v2\/comments?post=2046"}],"version-history":[{"count":1,"href":"https:\/\/eec.cat\/blog\/wp-json\/wp\/v2\/posts\/2046\/revisions"}],"predecessor-version":[{"id":2634,"href":"https:\/\/eec.cat\/blog\/wp-json\/wp\/v2\/posts\/2046\/revisions\/2634"}],"wp:featuredmedia":[{"embeddable":true,"href":"https:\/\/eec.cat\/blog\/wp-json\/wp\/v2\/media\/2047"}],"wp:attachment":[{"href":"https:\/\/eec.cat\/blog\/wp-json\/wp\/v2\/media?parent=2046"}],"wp:term":[{"taxonomy":"category","embeddable":true,"href":"https:\/\/eec.cat\/blog\/wp-json\/wp\/v2\/categories?post=2046"},{"taxonomy":"post_tag","embeddable":true,"href":"https:\/\/eec.cat\/blog\/wp-json\/wp\/v2\/tags?post=2046"}],"curies":[{"name":"wp","href":"https:\/\/api.w.org\/{rel}","templated":true}]}}