{"id":2042,"date":"2019-06-10T09:51:32","date_gmt":"2019-06-10T09:51:32","guid":{"rendered":"http:\/\/eec.cat\/blog\/?p=2042"},"modified":"2026-04-05T17:22:07","modified_gmt":"2026-04-05T16:22:07","slug":"taller-dhomiletica-2","status":"publish","type":"post","link":"https:\/\/eec.cat\/blog\/taller-dhomiletica-2\/","title":{"rendered":"Taller d&#8217;Homil\u00e8tica"},"content":{"rendered":"\n<p>El Consell Pastoral de l&#8217;Esgl\u00e9sia Evang\u00e8lica de Catalunya ens convida a participar de l&#8217;\u00faltim taller d&#8217;enguany dins de la s\u00e8rie que ens ha ocupat de donar eines per als predicadors de les nostres comunitats.<\/p>\n\n\n\n<p>En aquesta ocasi\u00f3 el Pr. Ignacio Simal ens parlar\u00e0 de com podem fer per anar del m\u00f3n del text fins al nostre propi m\u00f3n, fent de la predicaci\u00f3 quelcom rellevant pel nostre context.<\/p>\n\n\n\n<p>Com sempre el taller \u00e9s gratu\u00eft i obert a tothom, no hi falteu!!<\/p>\n\n\n\n<p>15 de juny a les 10h al temple de Betel+Sant Pau, c\/ Arag\u00f3 51, Barcelona.<\/p>\n\n\n\n<figure class=\"wp-block-image\"><img loading=\"lazy\" decoding=\"async\" width=\"1984\" height=\"1403\" src=\"https:\/\/i1.wp.com\/eec.cat\/blog\/wp-content\/uploads\/2019\/06\/Homil\u00e9tica-Ignacio.jpg?fit=640%2C453\" alt=\"\" class=\"wp-image-2043\" srcset=\"https:\/\/eec.cat\/blog\/wp-content\/uploads\/2019\/06\/Homil\u00e9tica-Ignacio.jpg 1984w, https:\/\/eec.cat\/blog\/wp-content\/uploads\/2019\/06\/Homil\u00e9tica-Ignacio-300x212.jpg 300w, https:\/\/eec.cat\/blog\/wp-content\/uploads\/2019\/06\/Homil\u00e9tica-Ignacio-768x543.jpg 768w, https:\/\/eec.cat\/blog\/wp-content\/uploads\/2019\/06\/Homil\u00e9tica-Ignacio-1024x724.jpg 1024w\" sizes=\"auto, (max-width: 1984px) 100vw, 1984px\" \/><\/figure>\n","protected":false},"excerpt":{"rendered":"<p>El Consell Pastoral de l&#8217;Esgl\u00e9sia Evang\u00e8lica de Catalunya ens convida a participar de l&#8217;\u00faltim taller d&#8217;enguany dins de la s\u00e8rie que ens ha ocupat de donar eines per als predicadors de les nostres comunitats. En aquesta ocasi\u00f3 el Pr. Ignacio Simal ens parlar\u00e0 de com podem fer per anar del m\u00f3n del text fins al [&hellip;]<\/p>\n","protected":false},"author":1,"featured_media":0,"comment_status":"closed","ping_status":"open","sticky":false,"template":"","format":"standard","meta":{"_jetpack_memberships_contains_paid_content":false,"footnotes":""},"categories":[1],"tags":[],"class_list":["post-2042","post","type-post","status-publish","format-standard","hentry","category-general"],"jetpack_sharing_enabled":true,"jetpack_featured_media_url":"","_links":{"self":[{"href":"https:\/\/eec.cat\/blog\/wp-json\/wp\/v2\/posts\/2042","targetHints":{"allow":["GET"]}}],"collection":[{"href":"https:\/\/eec.cat\/blog\/wp-json\/wp\/v2\/posts"}],"about":[{"href":"https:\/\/eec.cat\/blog\/wp-json\/wp\/v2\/types\/post"}],"author":[{"embeddable":true,"href":"https:\/\/eec.cat\/blog\/wp-json\/wp\/v2\/users\/1"}],"replies":[{"embeddable":true,"href":"https:\/\/eec.cat\/blog\/wp-json\/wp\/v2\/comments?post=2042"}],"version-history":[{"count":1,"href":"https:\/\/eec.cat\/blog\/wp-json\/wp\/v2\/posts\/2042\/revisions"}],"predecessor-version":[{"id":2635,"href":"https:\/\/eec.cat\/blog\/wp-json\/wp\/v2\/posts\/2042\/revisions\/2635"}],"wp:attachment":[{"href":"https:\/\/eec.cat\/blog\/wp-json\/wp\/v2\/media?parent=2042"}],"wp:term":[{"taxonomy":"category","embeddable":true,"href":"https:\/\/eec.cat\/blog\/wp-json\/wp\/v2\/categories?post=2042"},{"taxonomy":"post_tag","embeddable":true,"href":"https:\/\/eec.cat\/blog\/wp-json\/wp\/v2\/tags?post=2042"}],"curies":[{"name":"wp","href":"https:\/\/api.w.org\/{rel}","templated":true}]}}