{"id":2025,"date":"2019-03-27T09:48:12","date_gmt":"2019-03-27T09:48:12","guid":{"rendered":"http:\/\/eec.cat\/blog\/?p=2025"},"modified":"2026-04-05T17:22:08","modified_gmt":"2026-04-05T16:22:08","slug":"taller-dhomiletica","status":"publish","type":"post","link":"https:\/\/eec.cat\/blog\/taller-dhomiletica\/","title":{"rendered":"Taller d&#8217;Homil\u00e8tica"},"content":{"rendered":"\n<p>Dissabte 6 d&#8217;abril de 2019 a les 10h, al temple del c\/ Arag\u00f3 51, Esgl\u00e9sia Protestant Betel+Sant Pau, organitzat pel Consell Pastoral de l&#8217;EEC, el Pr. Jonathan Navarro impartir\u00e0 el taller &#8220;La predicaci\u00f3 que neix de la compassi\u00f3&#8221;, especialment adre\u00e7at per a persones interessades en la predicaci\u00f3, aix\u00ed com per educadors d&#8217;Escola Dominical.<\/p>\n\n\n\n<p>Entrada gratu\u00efta.<\/p>\n","protected":false},"excerpt":{"rendered":"<p>Dissabte 6 d&#8217;abril de 2019 a les 10h, al temple del c\/ Arag\u00f3 51, Esgl\u00e9sia Protestant Betel+Sant Pau, organitzat pel Consell Pastoral de l&#8217;EEC, el Pr. Jonathan Navarro impartir\u00e0 el taller &#8220;La predicaci\u00f3 que neix de la compassi\u00f3&#8221;, especialment adre\u00e7at per a persones interessades en la predicaci\u00f3, aix\u00ed com per educadors d&#8217;Escola Dominical. Entrada gratu\u00efta.<\/p>\n","protected":false},"author":1,"featured_media":2026,"comment_status":"closed","ping_status":"open","sticky":false,"template":"","format":"standard","meta":{"_jetpack_memberships_contains_paid_content":false,"footnotes":""},"categories":[5,4],"tags":[],"class_list":["post-2025","post","type-post","status-publish","format-standard","has-post-thumbnail","hentry","category-activitats","category-noticies"],"jetpack_sharing_enabled":true,"jetpack_featured_media_url":"https:\/\/eec.cat\/blog\/wp-content\/uploads\/2019\/03\/Homiletica-2019-publi.jpg","_links":{"self":[{"href":"https:\/\/eec.cat\/blog\/wp-json\/wp\/v2\/posts\/2025","targetHints":{"allow":["GET"]}}],"collection":[{"href":"https:\/\/eec.cat\/blog\/wp-json\/wp\/v2\/posts"}],"about":[{"href":"https:\/\/eec.cat\/blog\/wp-json\/wp\/v2\/types\/post"}],"author":[{"embeddable":true,"href":"https:\/\/eec.cat\/blog\/wp-json\/wp\/v2\/users\/1"}],"replies":[{"embeddable":true,"href":"https:\/\/eec.cat\/blog\/wp-json\/wp\/v2\/comments?post=2025"}],"version-history":[{"count":1,"href":"https:\/\/eec.cat\/blog\/wp-json\/wp\/v2\/posts\/2025\/revisions"}],"predecessor-version":[{"id":2639,"href":"https:\/\/eec.cat\/blog\/wp-json\/wp\/v2\/posts\/2025\/revisions\/2639"}],"wp:featuredmedia":[{"embeddable":true,"href":"https:\/\/eec.cat\/blog\/wp-json\/wp\/v2\/media\/2026"}],"wp:attachment":[{"href":"https:\/\/eec.cat\/blog\/wp-json\/wp\/v2\/media?parent=2025"}],"wp:term":[{"taxonomy":"category","embeddable":true,"href":"https:\/\/eec.cat\/blog\/wp-json\/wp\/v2\/categories?post=2025"},{"taxonomy":"post_tag","embeddable":true,"href":"https:\/\/eec.cat\/blog\/wp-json\/wp\/v2\/tags?post=2025"}],"curies":[{"name":"wp","href":"https:\/\/api.w.org\/{rel}","templated":true}]}}