{"id":2008,"date":"2018-11-13T07:48:43","date_gmt":"2018-11-13T07:48:43","guid":{"rendered":"http:\/\/eec.cat\/blog\/?p=2008"},"modified":"2026-04-05T17:22:35","modified_gmt":"2026-04-05T16:22:35","slug":"el-passat-es-davant-nostre","status":"publish","type":"post","link":"https:\/\/eec.cat\/blog\/el-passat-es-davant-nostre\/","title":{"rendered":"El passat \u00e9s davant nostre"},"content":{"rendered":"<p>El passat dissabte 3 de novembre va tenir lloc la celebraci\u00f3 del 150\u00e8 aniversari de testimoni protestant a Barcelona, celebrant l\u2019inici de llarg recorregut de l\u2019Esgl\u00e9sia Evang\u00e8lica de Sant Pau, comunitat que avui dia s\u2019integra en l\u2019Esgl\u00e9sia Evang\u00e8lica Betel-Sant Pau.<\/p>\n<p>L\u2019acte, presidit per la Joana Ortega, va comptar amb una ressenya hist\u00f2rica del recorregut de la comunitat, fent especial \u00e8mfasi en la figura de l\u2019iniciador de l\u2019obra, el pastor Antoni Vallespinosa. Entre d\u2019altres, qui subscriu aquestes l\u00ednies, va explicar l\u2019evoluci\u00f3 del nom de la comunitat, la qual va passar de denominar-se \u201cAssociaci\u00f3 Protestant\u201d a \u201cEsgl\u00e9sia Evang\u00e8lica de Barcelona\u201d i posteriorment \u201cEsgl\u00e9sia Evang\u00e8lica Sant Pau\u201d. Uns canvis que van estar lligats especialment amb el moviment de la comunitat a diferents carrers de la comunitat. Aix\u00ed, per exemple, el nom \u201cSant Pau\u201d es va produir en el moment en qu\u00e8 es va traslladar al n\u00famero 74bis d\u2019aquell carrer. No es estrany, doncs, que avui dia la comunitat se la conegui tamb\u00e9 amb el nom del carrer on es troba, el d\u2019Arag\u00f3.<\/p>\n<p><img loading=\"lazy\" decoding=\"async\" class=\"aligncenter size-large wp-image-2009\" src=\"http:\/\/eec.cat\/blog\/wp-content\/uploads\/2018\/11\/ignacio-1024x683.jpg\" alt=\"\" width=\"640\" height=\"427\" srcset=\"https:\/\/eec.cat\/blog\/wp-content\/uploads\/2018\/11\/ignacio.jpg 1024w, https:\/\/eec.cat\/blog\/wp-content\/uploads\/2018\/11\/ignacio-300x200.jpg 300w, https:\/\/eec.cat\/blog\/wp-content\/uploads\/2018\/11\/ignacio-768x512.jpg 768w\" sizes=\"auto, (max-width: 640px) 100vw, 640px\" \/><\/p>\n<p>Entre cants i lectures b\u00edbliques, el pastor Ignacio Simal va compartir amb els assistents un missatge d\u2019esperan\u00e7a. Un missatge encoratjant-nos a continuar confiant en la gr\u00e0cia de D\u00e9u i en el seu acompanyament, ja que durant aquests 150 anys ha demostrat estar al nostre costat. La proclamaci\u00f3 de la Paraula va cloure amb la magn\u00edfica interpretaci\u00f3 de \u201cRiu profund\u201d per part de Rober Bailey, emocionant a m\u00e9s d\u2019un dels assistents.<\/p>\n<p>Va ser llavors quan els convidats institucionals van poder compartir amb els participants a l\u2019acte la seva alegria. Per ordre d\u2019intervenci\u00f3, el pastor Jonathan Navarro, vicepresident de la Mesa de l\u2019EEC, va compartir el goig de la comunitat, fent part\u00edcip el presbiteri de la celebraci\u00f3 i desitjant molts anys m\u00e9s de feina a la comunitat. Tot seguit va prendre la paraula Alfredo Abad, president de la IEE, qui va recordar que celebr\u00e0vem la clandestinitat, la persist\u00e8ncia per proclamar l\u2019Evangeli en un context advers. Les institucions religioses van finalitzar amb la participaci\u00f3 de Daniel Rodr\u00edguez, president de la FEREDE, qui va recordar els seus vincles personals amb els pastors de la comunitat. A m\u00e9s, v\u00e0rem poder comptar amb unes paraules de felicitaci\u00f3 i d\u2019encoratjament per part de Lola L\u00f3pez, comissionada d&#8217;Immigraci\u00f3, Interculturalitat i Diversitat a l\u2019Ajuntament de Barcelona, i finalment de Marcel\u00b7l\u00ed Joan, Director General d\u2019Afers Religiosos de la Generalitat de Barcelona.<\/p>\n<p><img loading=\"lazy\" decoding=\"async\" class=\"aligncenter size-large wp-image-2010\" src=\"http:\/\/eec.cat\/blog\/wp-content\/uploads\/2018\/11\/general-1024x683.jpg\" alt=\"\" width=\"640\" height=\"427\" srcset=\"https:\/\/eec.cat\/blog\/wp-content\/uploads\/2018\/11\/general.jpg 1024w, https:\/\/eec.cat\/blog\/wp-content\/uploads\/2018\/11\/general-300x200.jpg 300w, https:\/\/eec.cat\/blog\/wp-content\/uploads\/2018\/11\/general-768x512.jpg 768w\" sizes=\"auto, (max-width: 640px) 100vw, 640px\" \/><\/p>\n<p>L\u2019efem\u00e8ride s\u2019ho mereixia i, despr\u00e9s del culte d\u2019Acci\u00f3 de Gr\u00e0cies, la comunitat de Betel-Sant Pau va obsequiar els assistents amb un refrigeri, que va culminar en bufar les espelmes del past\u00eds i el brindis corresponent.<\/p>\n<p>Des de la Mesa de l\u2019Esgl\u00e9sia Evang\u00e8lica de Catalunya, volem felicitar l\u2019Esgl\u00e9sia Evang\u00e8lica Betel-Sant Pau per aquests 150\u00e8 aniversari. Confiem que D\u00e9u continuar\u00e0 guardant i beneint la comunitat com ho ha fet fins ara, a l\u2019hora que no cessar\u00e0 en brindar-nos molts m\u00e9s moments d\u2019alegria i de celebraci\u00f3 en el presbiteri.<\/p>\n<p>&nbsp;<\/p>\n<p>Isaac Garc\u00eda-Oses<\/p>\n<p>President de l\u2019Esgl\u00e9sia Evang\u00e8lica de Catalunya<\/p>\n<p>&nbsp;<\/p>\n<pre>Fotograf\u00edes:\u00a0Archivo Gr\u00e1fico Documental Evang\u00e9lico | @AGDEArxiuGrafic<\/pre>\n","protected":false},"excerpt":{"rendered":"<p>El passat dissabte 3 de novembre va tenir lloc la celebraci\u00f3 del 150\u00e8 aniversari de testimoni protestant a Barcelona, celebrant l\u2019inici de llarg recorregut de l\u2019Esgl\u00e9sia Evang\u00e8lica de Sant Pau, comunitat que avui dia s\u2019integra en l\u2019Esgl\u00e9sia Evang\u00e8lica Betel-Sant Pau. L\u2019acte, presidit per la Joana Ortega, va comptar amb una ressenya hist\u00f2rica del recorregut de [&hellip;]<\/p>\n","protected":false},"author":1,"featured_media":0,"comment_status":"closed","ping_status":"open","sticky":false,"template":"","format":"standard","meta":{"_jetpack_memberships_contains_paid_content":false,"footnotes":""},"categories":[1],"tags":[],"class_list":["post-2008","post","type-post","status-publish","format-standard","hentry","category-general"],"jetpack_sharing_enabled":true,"jetpack_featured_media_url":"","_links":{"self":[{"href":"https:\/\/eec.cat\/blog\/wp-json\/wp\/v2\/posts\/2008","targetHints":{"allow":["GET"]}}],"collection":[{"href":"https:\/\/eec.cat\/blog\/wp-json\/wp\/v2\/posts"}],"about":[{"href":"https:\/\/eec.cat\/blog\/wp-json\/wp\/v2\/types\/post"}],"author":[{"embeddable":true,"href":"https:\/\/eec.cat\/blog\/wp-json\/wp\/v2\/users\/1"}],"replies":[{"embeddable":true,"href":"https:\/\/eec.cat\/blog\/wp-json\/wp\/v2\/comments?post=2008"}],"version-history":[{"count":1,"href":"https:\/\/eec.cat\/blog\/wp-json\/wp\/v2\/posts\/2008\/revisions"}],"predecessor-version":[{"id":2642,"href":"https:\/\/eec.cat\/blog\/wp-json\/wp\/v2\/posts\/2008\/revisions\/2642"}],"wp:attachment":[{"href":"https:\/\/eec.cat\/blog\/wp-json\/wp\/v2\/media?parent=2008"}],"wp:term":[{"taxonomy":"category","embeddable":true,"href":"https:\/\/eec.cat\/blog\/wp-json\/wp\/v2\/categories?post=2008"},{"taxonomy":"post_tag","embeddable":true,"href":"https:\/\/eec.cat\/blog\/wp-json\/wp\/v2\/tags?post=2008"}],"curies":[{"name":"wp","href":"https:\/\/api.w.org\/{rel}","templated":true}]}}