{"id":1996,"date":"2018-10-17T09:42:16","date_gmt":"2018-10-17T09:42:16","guid":{"rendered":"http:\/\/eec.cat\/blog\/?p=1996"},"modified":"2026-04-05T17:22:36","modified_gmt":"2026-04-05T16:22:36","slug":"150e-aniversari-de-lesglesia-protestant-betel-sant-pau","status":"publish","type":"post","link":"https:\/\/eec.cat\/blog\/150e-aniversari-de-lesglesia-protestant-betel-sant-pau\/","title":{"rendered":"150\u00e8 aniversari de l&#8217;Esgl\u00e9sia Protestant Betel &#8211; Sant Pau"},"content":{"rendered":"<p>L&#8217;esgl\u00e9sia de Betel-Sant Pau del carrer Arag\u00f3 51, ens conviden a celebrar tots plegats un culte d\u2019acci\u00f3 de gr\u00e0cies pel 150 aniversari del comen\u00e7ament de l\u2019obra de la seva comunitat, el dissabte 3 de novembre a les 19h, no hi faltem!!<\/p>\n<p><img loading=\"lazy\" decoding=\"async\" class=\"aligncenter size-full wp-image-1997\" src=\"http:\/\/eec.cat\/blog\/wp-content\/uploads\/2018\/10\/PHOTO-2018-10-16-13-42-57.jpg\" alt=\"\" width=\"1131\" height=\"1600\" srcset=\"https:\/\/eec.cat\/blog\/wp-content\/uploads\/2018\/10\/PHOTO-2018-10-16-13-42-57.jpg 1131w, https:\/\/eec.cat\/blog\/wp-content\/uploads\/2018\/10\/PHOTO-2018-10-16-13-42-57-212x300.jpg 212w, https:\/\/eec.cat\/blog\/wp-content\/uploads\/2018\/10\/PHOTO-2018-10-16-13-42-57-768x1086.jpg 768w, https:\/\/eec.cat\/blog\/wp-content\/uploads\/2018\/10\/PHOTO-2018-10-16-13-42-57-724x1024.jpg 724w\" sizes=\"auto, (max-width: 1131px) 100vw, 1131px\" \/><\/p>\n","protected":false},"excerpt":{"rendered":"<p>L&#8217;esgl\u00e9sia de Betel-Sant Pau del carrer Arag\u00f3 51, ens conviden a celebrar tots plegats un culte d\u2019acci\u00f3 de gr\u00e0cies pel 150 aniversari del comen\u00e7ament de l\u2019obra de la seva comunitat, el dissabte 3 de novembre a les 19h, no hi faltem!!<\/p>\n","protected":false},"author":1,"featured_media":0,"comment_status":"closed","ping_status":"open","sticky":false,"template":"","format":"standard","meta":{"_jetpack_memberships_contains_paid_content":false,"footnotes":""},"categories":[5,4],"tags":[],"class_list":["post-1996","post","type-post","status-publish","format-standard","hentry","category-activitats","category-noticies"],"jetpack_featured_media_url":"","jetpack_sharing_enabled":true,"_links":{"self":[{"href":"https:\/\/eec.cat\/blog\/wp-json\/wp\/v2\/posts\/1996","targetHints":{"allow":["GET"]}}],"collection":[{"href":"https:\/\/eec.cat\/blog\/wp-json\/wp\/v2\/posts"}],"about":[{"href":"https:\/\/eec.cat\/blog\/wp-json\/wp\/v2\/types\/post"}],"author":[{"embeddable":true,"href":"https:\/\/eec.cat\/blog\/wp-json\/wp\/v2\/users\/1"}],"replies":[{"embeddable":true,"href":"https:\/\/eec.cat\/blog\/wp-json\/wp\/v2\/comments?post=1996"}],"version-history":[{"count":0,"href":"https:\/\/eec.cat\/blog\/wp-json\/wp\/v2\/posts\/1996\/revisions"}],"wp:attachment":[{"href":"https:\/\/eec.cat\/blog\/wp-json\/wp\/v2\/media?parent=1996"}],"wp:term":[{"taxonomy":"category","embeddable":true,"href":"https:\/\/eec.cat\/blog\/wp-json\/wp\/v2\/categories?post=1996"},{"taxonomy":"post_tag","embeddable":true,"href":"https:\/\/eec.cat\/blog\/wp-json\/wp\/v2\/tags?post=1996"}],"curies":[{"name":"wp","href":"https:\/\/api.w.org\/{rel}","templated":true}]}}