{"id":1992,"date":"2018-10-16T09:20:04","date_gmt":"2018-10-16T09:20:04","guid":{"rendered":"http:\/\/eec.cat\/blog\/?p=1992"},"modified":"2026-04-05T17:22:36","modified_gmt":"2026-04-05T16:22:36","slug":"protestantes","status":"publish","type":"post","link":"https:\/\/eec.cat\/blog\/protestantes\/","title":{"rendered":"Protestantes"},"content":{"rendered":"<p>La nova revista oficial de la &#8220;Iglesia Evang\u00e9lica Espa\u00f1ola (IEE) est\u00e0 a punt de publicar-se, i ens envien aquesta nota per a tots aquells que vulguin fer una subscripci\u00f3:<\/p>\n<p>Tenemos el placer de presentarles la nueva revista <b><i>Protestantes<\/i><\/b>, publicaci\u00f3n oficial de la Iglesia Evang\u00e9lica Espa\u00f1ola. Heredera de Carta Circular (1944-1994) y de Cristianismo Protestante (1996 &#8211; 2017).<\/p>\n<p><b><i>Protestantes<\/i><\/b> desea proveer de art\u00edculos de reflexi\u00f3n teol\u00f3gica orientados al tiempo lit\u00fargico de la iglesia, para que estos materiales puedan ser usados, o inspiren la creaci\u00f3n de nuevos textos para el culto cristiano.<\/p>\n<p>Una publicaci\u00f3n formativa e inspiradora para todos aquellos y aquellas que ya sea por su ministerio o por un anhelo de crecimiento deseen tener herramientas que les ayuden a profundizar en la teolog\u00eda y en la lectura del texto b\u00edblico.<\/p>\n<p>&nbsp;<\/p>\n<p><iframe loading=\"lazy\" src=\"https:\/\/docs.google.com\/forms\/d\/e\/1FAIpQLScw7QxdA7LuTmLoQQ5UfJ5U4mZD2KmlUiLjH78-Br7OXkK7iA\/viewform?embedded=true\" width=\"640\" height=\"1574\" frameborder=\"0\" marginwidth=\"0\" marginheight=\"0\">S&#8217;est\u00e0 carregant&#8230;<\/iframe><\/p>\n","protected":false},"excerpt":{"rendered":"<p>La nova revista oficial de la &#8220;Iglesia Evang\u00e9lica Espa\u00f1ola (IEE) est\u00e0 a punt de publicar-se, i ens envien aquesta nota per a tots aquells que vulguin fer una subscripci\u00f3: Tenemos el placer de presentarles la nueva revista Protestantes, publicaci\u00f3n oficial de la Iglesia Evang\u00e9lica Espa\u00f1ola. Heredera de Carta Circular (1944-1994) y de Cristianismo Protestante (1996 [&hellip;]<\/p>\n","protected":false},"author":1,"featured_media":0,"comment_status":"closed","ping_status":"open","sticky":false,"template":"","format":"standard","meta":{"_jetpack_memberships_contains_paid_content":false,"footnotes":""},"categories":[1],"tags":[],"class_list":["post-1992","post","type-post","status-publish","format-standard","hentry","category-general"],"jetpack_sharing_enabled":true,"jetpack_featured_media_url":"","_links":{"self":[{"href":"https:\/\/eec.cat\/blog\/wp-json\/wp\/v2\/posts\/1992","targetHints":{"allow":["GET"]}}],"collection":[{"href":"https:\/\/eec.cat\/blog\/wp-json\/wp\/v2\/posts"}],"about":[{"href":"https:\/\/eec.cat\/blog\/wp-json\/wp\/v2\/types\/post"}],"author":[{"embeddable":true,"href":"https:\/\/eec.cat\/blog\/wp-json\/wp\/v2\/users\/1"}],"replies":[{"embeddable":true,"href":"https:\/\/eec.cat\/blog\/wp-json\/wp\/v2\/comments?post=1992"}],"version-history":[{"count":1,"href":"https:\/\/eec.cat\/blog\/wp-json\/wp\/v2\/posts\/1992\/revisions"}],"predecessor-version":[{"id":2646,"href":"https:\/\/eec.cat\/blog\/wp-json\/wp\/v2\/posts\/1992\/revisions\/2646"}],"wp:attachment":[{"href":"https:\/\/eec.cat\/blog\/wp-json\/wp\/v2\/media?parent=1992"}],"wp:term":[{"taxonomy":"category","embeddable":true,"href":"https:\/\/eec.cat\/blog\/wp-json\/wp\/v2\/categories?post=1992"},{"taxonomy":"post_tag","embeddable":true,"href":"https:\/\/eec.cat\/blog\/wp-json\/wp\/v2\/tags?post=1992"}],"curies":[{"name":"wp","href":"https:\/\/api.w.org\/{rel}","templated":true}]}}