{"id":1970,"date":"2018-05-03T06:14:43","date_gmt":"2018-05-03T06:14:43","guid":{"rendered":"http:\/\/eec.cat\/blog\/?p=1970"},"modified":"2026-04-05T17:22:36","modified_gmt":"2026-04-05T16:22:36","slug":"cants-de-la-reforma-luter-i-ausias-marc-segles-xvi-i-xv","status":"publish","type":"post","link":"https:\/\/eec.cat\/blog\/cants-de-la-reforma-luter-i-ausias-marc-segles-xvi-i-xv\/","title":{"rendered":"Cants de la Reforma: Luter i Ausi\u00e0s Marc, segles XVI i XV"},"content":{"rendered":"<p><img loading=\"lazy\" decoding=\"async\" class=\"aligncenter size-large wp-image-1971\" src=\"http:\/\/eec.cat\/blog\/wp-content\/uploads\/2018\/05\/P1000285-20180428-Cants-de-la-Reforma-Josep-Meseguer-M\u00ba-Llu\u00efsa-Pazos-V\u00edctor-Hern\u00e1ndez-EEPN-Foto-J-Phillips-sepia-1024x684.jpg\" alt=\"\" width=\"640\" height=\"428\" srcset=\"https:\/\/eec.cat\/blog\/wp-content\/uploads\/2018\/05\/P1000285-20180428-Cants-de-la-Reforma-Josep-Meseguer-M\u00ba-Llu\u00efsa-Pazos-V\u00edctor-Hern\u00e1ndez-EEPN-Foto-J-Phillips-sepia-1024x684.jpg 1024w, https:\/\/eec.cat\/blog\/wp-content\/uploads\/2018\/05\/P1000285-20180428-Cants-de-la-Reforma-Josep-Meseguer-M\u00ba-Llu\u00efsa-Pazos-V\u00edctor-Hern\u00e1ndez-EEPN-Foto-J-Phillips-sepia-300x200.jpg 300w, https:\/\/eec.cat\/blog\/wp-content\/uploads\/2018\/05\/P1000285-20180428-Cants-de-la-Reforma-Josep-Meseguer-M\u00ba-Llu\u00efsa-Pazos-V\u00edctor-Hern\u00e1ndez-EEPN-Foto-J-Phillips-sepia-768x513.jpg 768w, https:\/\/eec.cat\/blog\/wp-content\/uploads\/2018\/05\/P1000285-20180428-Cants-de-la-Reforma-Josep-Meseguer-M\u00ba-Llu\u00efsa-Pazos-V\u00edctor-Hern\u00e1ndez-EEPN-Foto-J-Phillips-sepia.jpg 2002w\" sizes=\"auto, (max-width: 640px) 100vw, 640px\" \/><\/p>\n<p><em>Cr\u00f2nica del concert ofert a l&#8217;Esgl\u00e9sia Evang\u00e8lica del Poble Nou el 28 d&#8217;abril de 2018, interpretat per en Josep Meseguer, acompanyat per la N\u00faria Prades i el Xavier Cases.<\/em><\/p>\n<p>En <strong>Josep Meseguer<\/strong>, acompanyat per la N\u00faria Prades i el Xavier Cases, interpreta els cants espirituals d\u2019Ausi\u00e0s March (segle XV), aix\u00ed com dels primers himnes de la Reforma Protestant d&#8217;en Mart\u00ed Luter (s. XVI).<\/p>\n<p>El concert, celebrat el dissabte 28 de mar\u00e7 de 2018, va tenir lloc a l&#8217;esgl\u00e9sia evang\u00e8lica de Poble Nou (C\/Llull 161, Barcelona). Amb aquesta activitat l\u2019Esgl\u00e9sia Evang\u00e8lica de Catalunya tanca les celebracions del 500 anys de la Reforma protestant comen\u00e7ada pel Mart\u00ed Luter al 1517.<\/p>\n<p><strong>Dos c\u00e0ntics d\u2019Ausi\u00e0s Marc<\/strong>, amb una exquisida introducci\u00f3 per la Ma. Llu\u00efsa Pazos, experta en l\u2019obra del autor, que va ressaltar la seva cerca espiritual expressada en els seus poemes.<\/p>\n<p>Aquest \u00e9s el 1er c\u00e0ntic espiritual d&#8217;Ausi\u00e0s Marc.<\/p>\n<p>Enlla\u00e7 al \u00e0udio: <a href=\"https:\/\/www.ivoox.com\/cants-reforma-ausias-marc-i-luter-audios-mp3_rf_25720957_1.html\">https:\/\/www.ivoox.com\/cants-reforma-ausias-marc-i-luter-audios-mp3_rf_25720957_1.html<\/a><\/p>\n<p>Aquest \u00e9s el 2n c\u00e0ntic espiritual d&#8217;Ausi\u00e0s Marc.<\/p>\n<p>Enlla\u00e7 al \u00e0udio: <a href=\"https:\/\/www.ivoox.com\/cants-reforma-ausias-marc-i-luter-audios-mp3_rf_25721010_1.html\">https:\/\/www.ivoox.com\/cants-reforma-ausias-marc-i-luter-audios-mp3_rf_25721010_1.html<\/a><\/p>\n<p><strong>Sis himnes de Mart\u00ed Luter<\/strong>interpretats pel Josep Meseguer (arranjaments musicals fets per ell mateix i la N\u00faria Prades) .<\/p>\n<p><img loading=\"lazy\" decoding=\"async\" class=\"alignleft size-medium wp-image-1972\" src=\"http:\/\/eec.cat\/blog\/wp-content\/uploads\/2018\/05\/P1000261-20180428-Cants-de-la-Reforma-Josep-Meseguer-M\u00ba-Llu\u00efsa-Pazos-V\u00edctor-Hern\u00e1ndez-EEPN-Foto-J-Phillips-300x200.jpg\" alt=\"\" width=\"300\" height=\"200\" srcset=\"https:\/\/eec.cat\/blog\/wp-content\/uploads\/2018\/05\/P1000261-20180428-Cants-de-la-Reforma-Josep-Meseguer-M\u00ba-Llu\u00efsa-Pazos-V\u00edctor-Hern\u00e1ndez-EEPN-Foto-J-Phillips-300x200.jpg 300w, https:\/\/eec.cat\/blog\/wp-content\/uploads\/2018\/05\/P1000261-20180428-Cants-de-la-Reforma-Josep-Meseguer-M\u00ba-Llu\u00efsa-Pazos-V\u00edctor-Hern\u00e1ndez-EEPN-Foto-J-Phillips-768x513.jpg 768w, https:\/\/eec.cat\/blog\/wp-content\/uploads\/2018\/05\/P1000261-20180428-Cants-de-la-Reforma-Josep-Meseguer-M\u00ba-Llu\u00efsa-Pazos-V\u00edctor-Hern\u00e1ndez-EEPN-Foto-J-Phillips-1024x684.jpg 1024w, https:\/\/eec.cat\/blog\/wp-content\/uploads\/2018\/05\/P1000261-20180428-Cants-de-la-Reforma-Josep-Meseguer-M\u00ba-Llu\u00efsa-Pazos-V\u00edctor-Hern\u00e1ndez-EEPN-Foto-J-Phillips.jpg 2002w\" sizes=\"auto, (max-width: 300px) 100vw, 300px\" \/><\/p>\n<p><strong>Comentaris introductoris (V\u00edctor)<\/strong><a name=\"_ftnref1\"><\/a>[1]:<\/p>\n<p>Sobre Luter i la m\u00fasica de la Reforma, diu la historiadora Lyndal Roper:<\/p>\n<p style=\"padding-left: 30px;\"><em>Luter era brillant escrivint himnes i la seva introducci\u00f3 cantada en la lit\u00fargia, en la qual participava tota la congregaci\u00f3, homes, dones i nens, va canviar el lloc que ocupava la m\u00fasica a la religi\u00f3. Els himnes van passar a ser part de la cultura musical alemanya i serien fonamentals en la m\u00fasica de Bach<\/em>.<a name=\"_ftnref2\"><\/a>[2]<\/p>\n<p>I afegeix Heiko Oberman, el gran bi\u00f2graf de Luter:<\/p>\n<p style=\"padding-left: 30px;\"><em>El major regal de D\u00e9u, despr\u00e9s de la teologia, \u00e9s la m\u00fasica; t\u00e9 amb ella moltes coses en com\u00fa, ja que sana l&#8217;\u00e0nima i eleva l&#8217;esperit. Ja en els seus anys d&#8217;escolar i estudiant Luter va gaudir cantant i tocant algun instrument. Sense m\u00fasica, l&#8217;home \u00e9s una pedra; per\u00f2 amb ella pot fins i tot espantar al dimoni: \u00abSovint la m\u00fasica m&#8217;ha calmat i m&#8217;ha alliberat de grans penes\u00bb. Les cartes, la m\u00fasica i la companyonia s\u00f3n dons divins<\/em>.<a name=\"_ftnref3\"><\/a>[3]<\/p>\n<p>Se li atribueixen a Luter uns 37 himnes. Alguns s\u00f3n originals, altres estan basats en Salms o en altres passatges b\u00edblics, alguns s\u00f3n traduccions del llat\u00ed i altres s\u00f3n arranjaments de can\u00e7ons folkl\u00f2riques religioses en alemany<a name=\"_ftnref4\"><\/a>[4].<\/p>\n<p>Els himnes de Luter mostren l&#8217;experi\u00e8ncia de fe que ell va re-descobrir en la Paraula: el D\u00e9u encarnat en el fill de Maria, el D\u00e9u que ve a nosaltres i que mor per nosaltres a la creu, per redimir-nos.<\/p>\n<p><strong>1.- Del alto cielo bajo yo <\/strong><\/p>\n<p>Enlla\u00e7 al \u00e0udio: <a href=\"https:\/\/www.ivoox.com\/cants-reforma-luter-i-ausias-marc-audios-mp3_rf_25721507_1.html\">https:\/\/www.ivoox.com\/cants-reforma-luter-i-ausias-marc-audios-mp3_rf_25721507_1.html<\/a><\/p>\n<p>Himne basat en un passatge b\u00edblic que no \u00e9s un Salm. T\u00edtol en alemany: <strong><em>Von Himmel hoch da kom ich her<\/em><\/strong>. (Del alt cel vinc jo). L&#8217;advent segons l&#8217;evangeli de Lluc. Escrit per al seu fill Hans a 1534. Melodia probablement feta per Luter a 1539. El text de Luter originalment tenia una melodia profana: el cant folkl\u00f2ric <em>Ich kimm aus fremden Landen<\/em>(\u201cS\u00f3c de terres estrangeres\u201d).<\/p>\n<p><strong>2.- Creemos en un s\u00f3lo Dios <\/strong><\/p>\n<p>Enlla\u00e7 al \u00e0udio: <a href=\"https:\/\/www.ivoox.com\/cants-reforma-luter-i-ausias-marc-audios-mp3_rf_25721783_1.html\">https:\/\/www.ivoox.com\/cants-reforma-luter-i-ausias-marc-audios-mp3_rf_25721783_1.html<\/a><\/p>\n<p>Traducci\u00f3 del llat\u00ed. <strong><em>Wir glauben all\u2019an Einen Gott<\/em><\/strong>(Creiem en un sol D\u00e9u). Patrem credimus, el Credo de Nicea versificat. Tres estrofes de deu versos cada un. Incl\u00f2s en la Missa Alemanya 1526. Melodia del s. XV. Wittenberg 1524.<\/p>\n<p><strong>Comentaris introductoris (V\u00edctor): <\/strong>Si pensem que abans de la Reforma la gent assistia a l&#8217;esgl\u00e9sia i escoltava passivament sense entendre res (la Missa es feia en llat\u00ed), entendrem que va ser una gran revoluci\u00f3 el que Luter introdu\u00eds el cant congregacional, en la llengua que parlava la gent. Es cantaven els salms, les confessions, les lectures, participava el cor i es feia participar a tota la congregaci\u00f3.<\/p>\n<p>Diu S\u00f6ren Bolander, en les seves reflexions sobre Mart\u00ed Luter i la m\u00fasica lit\u00fargica:<\/p>\n<p style=\"padding-left: 30px;\"><em>\u00c9s, sobretot, pel que fa a la tasca de la m\u00fasica en el context lit\u00fargic on Luter difereix de Calvino i Zwingli. Luter t\u00e9 molta m\u00e9s confian\u00e7a en les possibilitats positives de la m\u00fasica com serventa de D\u00e9u en el culte [&#8230;] La concepci\u00f3 de Luter sobre la tasca de la m\u00fasica \u00e9s bastant pragm\u00e0tica. Confia en el poder atractiu dels tons. Ells poden conduir els homes a col\u00b7locar-se sota la influ\u00e8ncia de la Paraula. I quan els homes estiguin influ\u00efts per la Paraula, el missatge es gravar\u00e0 sobre la seva consci\u00e8ncia molt m\u00e9s, ja que la m\u00fasica subratlla i posa en clar el text. La influ\u00e8ncia del missatge resulta m\u00e9s gran, amb un \u00edmpetu m\u00e9s intens, amb ajuda de la m\u00fasica<\/em>.<a name=\"_ftnref5\"><\/a>[5]<\/p>\n<p>Els himnes de Luter expressen el m\u00e9s \u00edntim de la fe cristiana: el cristi\u00e0 \u00e9s el que espera en D\u00e9u, que reconeix que tot \u00e9s gr\u00e0cia, que tot ho ha rebut de D\u00e9u. Escoltarem ara tres himnes m\u00e9s de Luter.<\/p>\n<p><strong>1.- Rogamos al buen Consolador <\/strong><\/p>\n<p>Enlla\u00e7 al \u00e0udio: <a href=\"https:\/\/www.ivoox.com\/cants-reforma-luter-i-ausias-marc-audios-mp3_rf_25721874_1.html\">https:\/\/www.ivoox.com\/cants-reforma-luter-i-ausias-marc-audios-mp3_rf_25721874_1.html<\/a><\/p>\n<p>Preguem al bon Consolador. Arranjament de can\u00e7\u00f3 folkl\u00f2rica religiosa en alemany <strong><em>Nun bitten wir den heiligen Geist<\/em><\/strong>(Ara preguem a l&#8217;Esperit Sant). Quatre estrofes. Himne de Pentecosta. Melodia del s. XIII. Wittenberg 1524.<\/p>\n<p><strong>2.- Sostennos firmes, \u00a1oh Se\u00f1or! <\/strong><\/p>\n<p>Enlla\u00e7 al \u00e0udio: <a href=\"https:\/\/www.ivoox.com\/cants-reforma-luter-i-ausias-marc-audios-mp3_rf_25721967_1.html\">https:\/\/www.ivoox.com\/cants-reforma-luter-i-ausias-marc-audios-mp3_rf_25721967_1.html<\/a><\/p>\n<p>Himne original. <strong><em>Erhalt uns Herr bei deinem Wort<\/em><\/strong>. (Senyor, mant\u00e9n-nos ferms en la teva paraula). Escrit per als nois del cor de Wittenberg, per a ser cantat contra els dos enemics de la cristiandat: el Papa i els turcs que assetjaven les portes de Viena. Tres estrofes. Melodia gregoriana modificada per Luter, 1543.<\/p>\n<p><strong>3.- De lo profundo clamo a Ti <\/strong><\/p>\n<p>Enlla\u00e7 al \u00e0udio: <a href=\"https:\/\/www.ivoox.com\/cants-reforma-luter-i-ausias-marc-audios-mp3_rf_25722073_1.html\">https:\/\/www.ivoox.com\/cants-reforma-luter-i-ausias-marc-audios-mp3_rf_25722073_1.html<\/a><\/p>\n<p>Himne basat en un Salm. <strong><em>Aus Tiefer Noth Schrei ich zu dir<\/em><\/strong>. Salm 130. (Des de la meva profunda necessitat clamo a Tu). Penediment i fe. Quatre o cinc estrofes. Melodia de Luter o Walter 1524.<\/p>\n<p><strong>Comentaris introductoris (V\u00edctor): <\/strong>El seg\u00fcent himne de Luter \u00e9s considerat l&#8217;himne de la Reforma, el que ha encarnat millor l&#8217;esperit de la Reforma. Est\u00e0 basat en el Salm 46, per\u00f2 tamb\u00e9 en el Salm 33 i en Efesis 6. \u00c9s un himne, per\u00f2 tamb\u00e9 una consigna de batalla, perqu\u00e8 la fe cristiana \u00e9s tamb\u00e9 una fe militant, una fe insubmisa. El te\u00f2leg Paul Tillich diu que el principi protestant \u00e9s l&#8217;anti-idolatria, perqu\u00e8 no podem ni hem idealitzar ni confiar en res ni en ning\u00fa que no sigui el Senyor crucificat. Luter ens recorda que cap dogma, ni cap esgl\u00e9sia o instituci\u00f3 ens condueix a D\u00e9u. Nom\u00e9s D\u00e9u ens portar\u00e0 a D\u00e9u mateix, al pro\u00efsme i a la vida plena, per mitj\u00e0 del seu fill Jesucrist.<\/p>\n<p>Escoltarem ara, l\u2019himne titulat en catal\u00e0 <em>D\u00e9u \u00e9s l\u2019auxili, un ferm castell<\/em>.<\/p>\n<p><strong> Castillo fuerte<\/strong><\/p>\n<p>Enlla\u00e7 al \u00e0udio: <a href=\"https:\/\/www.ivoox.com\/cants-reforma-luter-i-ausias-marc-audios-mp3_rf_25722211_1.html\">https:\/\/www.ivoox.com\/cants-reforma-luter-i-ausias-marc-audios-mp3_rf_25722211_1.html<\/a><\/p>\n<p>Himne original. <strong><em>Ein &#8216;fest Burg ist unser Gott<\/em><\/strong>. Salm 46 (tamb\u00e9 Salm 33 i Efesis 6). Castell fort \u00e9s el nostre D\u00e9u (Himnari Cants de Gl\u00f2ria: D\u00e9u \u00e9s l&#8217;auxili, un ferm castell). Quatre estrofes. Melodia de Luter 1529.<\/p>\n<p><a name=\"_ftn1\"><\/a>[1]A c\u00e0rrec del V\u00edctor Hern\u00e1ndez (pastor de l\u2019esgl\u00e9sia evang\u00e9lica Betlem, al barri del Clot, Barcelona)<\/p>\n<p><a name=\"_ftn2\"><\/a>[2]Lyndal Roper, <em>Mart\u00edn Lutero. Renegado y <\/em>profeta, Barcelona: Taurus, 2017, p. 427.<\/p>\n<p><a name=\"_ftn3\"><\/a>[3]Heiko A. Oberman, <em>Lutero. Un hombre entre Dios y el diablo<\/em>, Madrid: Alianza, 1992 (orig. alemany: 1982), pp. 365\u2013366.<\/p>\n<p><a name=\"_ftn4\"><\/a>[4]Cf. S\u00f6ren Bolander, \u201cEl don de la m\u00fasica. Algunas reflexiones acerca de la m\u00fasica lit\u00fargica de Mart\u00edn Lutero\u201d en <em>Lutero ayer y hoy<\/em>, VVAA (David Arcaute \/ Norberto Bert\u00f3n\/ S\u00f6ren Boiander \/ Lee Brummei \/ Luis Farr\u00e9 \/ Jos\u00e9 Miguez Bonino \/ Emilio Monti \/ Rodolfo Oberm\u00fcller \/ Ricardo Pietrantonio \/ Sidney H. Rooy \/ Juan Stumme \/ Mario Yutzis), Buenos Aires: La Aurora &#8211; ISEDET, 1984, pp. 211\u2013215.<\/p>\n<p><a name=\"_ftn5\"><\/a>[5]Ibid, p. 178.<\/p>\n","protected":false},"excerpt":{"rendered":"<p>Cr\u00f2nica del concert ofert a l&#8217;Esgl\u00e9sia Evang\u00e8lica del Poble Nou el 28 d&#8217;abril de 2018, interpretat per en Josep Meseguer, acompanyat per la N\u00faria Prades i el Xavier Cases. En Josep Meseguer, acompanyat per la N\u00faria Prades i el Xavier Cases, interpreta els cants espirituals d\u2019Ausi\u00e0s March (segle XV), aix\u00ed com dels primers himnes de [&hellip;]<\/p>\n","protected":false},"author":1,"featured_media":0,"comment_status":"closed","ping_status":"open","sticky":false,"template":"","format":"standard","meta":{"_jetpack_memberships_contains_paid_content":false,"footnotes":""},"categories":[5,6],"tags":[],"class_list":["post-1970","post","type-post","status-publish","format-standard","hentry","category-activitats","category-reflexions"],"jetpack_sharing_enabled":true,"jetpack_featured_media_url":"","_links":{"self":[{"href":"https:\/\/eec.cat\/blog\/wp-json\/wp\/v2\/posts\/1970","targetHints":{"allow":["GET"]}}],"collection":[{"href":"https:\/\/eec.cat\/blog\/wp-json\/wp\/v2\/posts"}],"about":[{"href":"https:\/\/eec.cat\/blog\/wp-json\/wp\/v2\/types\/post"}],"author":[{"embeddable":true,"href":"https:\/\/eec.cat\/blog\/wp-json\/wp\/v2\/users\/1"}],"replies":[{"embeddable":true,"href":"https:\/\/eec.cat\/blog\/wp-json\/wp\/v2\/comments?post=1970"}],"version-history":[{"count":1,"href":"https:\/\/eec.cat\/blog\/wp-json\/wp\/v2\/posts\/1970\/revisions"}],"predecessor-version":[{"id":2647,"href":"https:\/\/eec.cat\/blog\/wp-json\/wp\/v2\/posts\/1970\/revisions\/2647"}],"wp:attachment":[{"href":"https:\/\/eec.cat\/blog\/wp-json\/wp\/v2\/media?parent=1970"}],"wp:term":[{"taxonomy":"category","embeddable":true,"href":"https:\/\/eec.cat\/blog\/wp-json\/wp\/v2\/categories?post=1970"},{"taxonomy":"post_tag","embeddable":true,"href":"https:\/\/eec.cat\/blog\/wp-json\/wp\/v2\/tags?post=1970"}],"curies":[{"name":"wp","href":"https:\/\/api.w.org\/{rel}","templated":true}]}}