{"id":197,"date":"2013-07-25T08:57:12","date_gmt":"2013-07-25T08:57:12","guid":{"rendered":"http:\/\/eec.cat\/blog\/?p=197"},"modified":"2013-07-25T08:59:04","modified_gmt":"2013-07-25T08:59:04","slug":"dia-a-dia-22-de-juliol-28-de-juliol","status":"publish","type":"post","link":"https:\/\/eec.cat\/blog\/dia-a-dia-22-de-juliol-28-de-juliol\/","title":{"rendered":"Dia a Dia. 22 de Juliol &#8211; 28 de Juliol"},"content":{"rendered":"<p><strong><img loading=\"lazy\" decoding=\"async\" class=\"alignleft  wp-image-198\" alt=\"afluente\" src=\"http:\/\/eec.cat\/blog\/wp-content\/uploads\/2013\/07\/afluente1-300x185.jpg\" width=\"240\" height=\"148\" srcset=\"https:\/\/eec.cat\/blog\/wp-content\/uploads\/2013\/07\/afluente1-300x185.jpg 300w, https:\/\/eec.cat\/blog\/wp-content\/uploads\/2013\/07\/afluente1.jpg 343w\" sizes=\"auto, (max-width: 240px) 100vw, 240px\" \/>Dilluns 22 de juliol<\/strong><br \/>\nAm\u00f3s 8, 4-7<\/p>\n<p>El Senyor \u00e9s qui vetlla per els desvalguts, D\u00e9u \u00e9s qui s\u2019ocupa dels oblidats de la terra. Complir la llei de D\u00e9u no \u00e9s pas altre cosa que inspirar la nostra vida en el seu car\u00e0cter, en la seva manera de fer. Podem complir el dia de rep\u00f2s, esperant que arribi l\u2019endem\u00e0 per tornar a fer les nostres vides, o podem complir-lo com si cada dia fos dia de rep\u00f2s.<\/p>\n<p><strong>Dimarts 23 de juliol<\/strong><br \/>\nNehemies 9, 9-15<\/p>\n<p>La mem\u00f2ria del poble d\u2019Israel recorda dia a dia l\u2019alliberaci\u00f3 i la donaci\u00f3 de la llei. En la sortida d\u2019Egipte D\u00e9u fund\u00e0 el poble, en la prescripci\u00f3 dels manaments D\u00e9u imprimir el seu nou car\u00e0cter. La mem\u00f2ria dels nostres dies ens recorda com D\u00e9u ha establert la seva pres\u00e8ncia en mig de les nostres vides, oferint-nos llibertat i una nova manera de viure. No oblidem, recordem i lloem.<\/p>\n<p><strong>Dimecres 24 de juliol<\/strong><br \/>\n<strong><\/strong>2 Cr\u00f2niques 36, 17-21<\/p>\n<p>Acaba la hist\u00f2ria del poble de D\u00e9u amb una nova situaci\u00f3 d\u2019esclavatge, despr\u00e9s de la conquesta de Babilonia el poble jueu mai no tornaria a ser lliure, fins ven entrat el segle XX. No \u00e9s q\u00fcesti\u00f3 de lleis acomplertes o no, es q\u00fcesti\u00f3 de vides inspirades o no, per lo menys aquesta \u00e9s la resposta que ens dona aquest text. I la terra repos\u00e0, repos\u00e0 de tot el temps en que no la van deixar.<\/p>\n<p><strong>Dijous 25 de juliol<\/strong><br \/>\nSalm 92<\/p>\n<p>Acaben aquest mes de juliol amb el c\u00e0ntic del dissabte, donant gr\u00e0cies a D\u00e9u per la seva salvaci\u00f3, per la seva cura en cada instant de la nostra vida. Donem gr\u00e0cies i lloem el Senyor, perqu\u00e8 el seu amor i la seva fidelitat presideixen tots els nostres dies.<\/p>\n<p><strong>Divendres 26 de juliol<\/strong><br \/>\nJoan 9, 13-34<\/p>\n<p>Com un home pot saltar-se la llei i ser alhora el Messies? Aqueta \u00e9s la pregunta que es fan els fariseus, per\u00f2 el testimoni de l\u2019home guarit no vol explicar-se res; ell no sap qui es Jes\u00fas, ell no es preocupa de la seva manera de complir la llei, ell solament pot donar testimoni de que D\u00e9u ha actuat a trav\u00e9s d\u2019aquell home per guarir-lo. El miracle no s\u2019explica, no es demostra, el qui s\u2019explica \u00e9s el que ha quedat transformat.<\/p>\n<p><strong>Dissabte 27 de juliol<\/strong><br \/>\nLluc 23, 55 \u2013 24, 12<\/p>\n<p>El dissabte d\u2019alliberament, el dissabte de la pres\u00e8ncia i el rep\u00f2s div\u00ed s\u2019obra a la nova creaci\u00f3 clarejant al mat\u00ed del diumenge, del diumenge de resurrecci\u00f3, quan tot all\u00f2 prom\u00e8s en la llei i els profetes, on tot all\u00f2 volgut en la creaci\u00f3 s\u2019estableix en un horitz\u00f3 que \u00e9s la nostra esperan\u00e7a.<\/p>\n<p><strong>Diumenge 28 de juliol<\/strong><br \/>\nColossencs 2, 16-23<\/p>\n<p>Tot precepte \u00e9s ombra d\u2019all\u00f2 que havia de vindre, del Crist. Per inspirar les nostres vides ja no ens calen normatives, \u00e9s Jesucrist qui ens ensenya el cam\u00ed, \u00e9s el seu Esperit, que sempre ens acompanya, qui ens porta de la m\u00e0. Tot era ombra, en Ell ha arribat la plenitud, en ell ha nascut el diumenge.<\/p>\n","protected":false},"excerpt":{"rendered":"<p>Dilluns 22 de juliol Am\u00f3s 8, 4-7 El Senyor \u00e9s qui vetlla per els desvalguts, D\u00e9u \u00e9s qui s\u2019ocupa dels oblidats de la terra. Complir la llei de D\u00e9u no \u00e9s pas altre cosa que inspirar la nostra vida en el seu car\u00e0cter, en la seva manera de fer. Podem complir el dia de rep\u00f2s, [&hellip;]<\/p>\n","protected":false},"author":1,"featured_media":0,"comment_status":"open","ping_status":"open","sticky":false,"template":"","format":"standard","meta":{"_jetpack_memberships_contains_paid_content":false,"footnotes":""},"categories":[7],"tags":[29,28],"class_list":["post-197","post","type-post","status-publish","format-standard","hentry","category-meditacions-diaries","tag-juliol","tag-meditacions-diaries-2"],"jetpack_sharing_enabled":true,"jetpack_featured_media_url":"","_links":{"self":[{"href":"https:\/\/eec.cat\/blog\/wp-json\/wp\/v2\/posts\/197","targetHints":{"allow":["GET"]}}],"collection":[{"href":"https:\/\/eec.cat\/blog\/wp-json\/wp\/v2\/posts"}],"about":[{"href":"https:\/\/eec.cat\/blog\/wp-json\/wp\/v2\/types\/post"}],"author":[{"embeddable":true,"href":"https:\/\/eec.cat\/blog\/wp-json\/wp\/v2\/users\/1"}],"replies":[{"embeddable":true,"href":"https:\/\/eec.cat\/blog\/wp-json\/wp\/v2\/comments?post=197"}],"version-history":[{"count":0,"href":"https:\/\/eec.cat\/blog\/wp-json\/wp\/v2\/posts\/197\/revisions"}],"wp:attachment":[{"href":"https:\/\/eec.cat\/blog\/wp-json\/wp\/v2\/media?parent=197"}],"wp:term":[{"taxonomy":"category","embeddable":true,"href":"https:\/\/eec.cat\/blog\/wp-json\/wp\/v2\/categories?post=197"},{"taxonomy":"post_tag","embeddable":true,"href":"https:\/\/eec.cat\/blog\/wp-json\/wp\/v2\/tags?post=197"}],"curies":[{"name":"wp","href":"https:\/\/api.w.org\/{rel}","templated":true}]}}