{"id":1964,"date":"2018-04-23T06:18:32","date_gmt":"2018-04-23T06:18:32","guid":{"rendered":"http:\/\/eec.cat\/blog\/?p=1964"},"modified":"2026-04-05T17:22:37","modified_gmt":"2026-04-05T16:22:37","slug":"cants-de-la-reforma","status":"publish","type":"post","link":"https:\/\/eec.cat\/blog\/cants-de-la-reforma\/","title":{"rendered":"Cants de la Reforma"},"content":{"rendered":"<p>Us convidem a aquest meravell\u00f3s concert que tindr\u00e0 lloc aquest <strong>dissabte 28 d\u2019abril a les 19h a l\u2019esgl\u00e9sia del Poble Nou<\/strong>, carrer Llull 161 de Barcelona, a on podreu gaudir del <strong>Cant Espiritual<\/strong> d\u2019Ausi\u00e0s March, aix\u00ed com dels primers <strong>himnes de la Reforma Protestant<\/strong>. De la m\u00e0 del Josep Meseguer, acompanyat de la N\u00faria Prades i el Xavier Cases. No us ho perdeu!!<\/p>\n<p>&nbsp;<\/p>\n<p><img loading=\"lazy\" decoding=\"async\" class=\"aligncenter size-full wp-image-1965\" src=\"http:\/\/eec.cat\/blog\/wp-content\/uploads\/2018\/04\/p9.jpg\" alt=\"\" width=\"525\" height=\"763\" srcset=\"https:\/\/eec.cat\/blog\/wp-content\/uploads\/2018\/04\/p9.jpg 525w, https:\/\/eec.cat\/blog\/wp-content\/uploads\/2018\/04\/p9-206x300.jpg 206w\" sizes=\"auto, (max-width: 525px) 100vw, 525px\" \/><\/p>\n","protected":false},"excerpt":{"rendered":"<p>Us convidem a aquest meravell\u00f3s concert que tindr\u00e0 lloc aquest dissabte 28 d\u2019abril a les 19h a l\u2019esgl\u00e9sia del Poble Nou, carrer Llull 161 de Barcelona, a on podreu gaudir del Cant Espiritual d\u2019Ausi\u00e0s March, aix\u00ed com dels primers himnes de la Reforma Protestant. De la m\u00e0 del Josep Meseguer, acompanyat de la N\u00faria Prades [&hellip;]<\/p>\n","protected":false},"author":1,"featured_media":1965,"comment_status":"closed","ping_status":"open","sticky":false,"template":"","format":"standard","meta":{"_jetpack_memberships_contains_paid_content":false,"footnotes":""},"categories":[5,4],"tags":[],"class_list":["post-1964","post","type-post","status-publish","format-standard","has-post-thumbnail","hentry","category-activitats","category-noticies"],"jetpack_sharing_enabled":true,"jetpack_featured_media_url":"https:\/\/eec.cat\/blog\/wp-content\/uploads\/2018\/04\/p9.jpg","_links":{"self":[{"href":"https:\/\/eec.cat\/blog\/wp-json\/wp\/v2\/posts\/1964","targetHints":{"allow":["GET"]}}],"collection":[{"href":"https:\/\/eec.cat\/blog\/wp-json\/wp\/v2\/posts"}],"about":[{"href":"https:\/\/eec.cat\/blog\/wp-json\/wp\/v2\/types\/post"}],"author":[{"embeddable":true,"href":"https:\/\/eec.cat\/blog\/wp-json\/wp\/v2\/users\/1"}],"replies":[{"embeddable":true,"href":"https:\/\/eec.cat\/blog\/wp-json\/wp\/v2\/comments?post=1964"}],"version-history":[{"count":1,"href":"https:\/\/eec.cat\/blog\/wp-json\/wp\/v2\/posts\/1964\/revisions"}],"predecessor-version":[{"id":2649,"href":"https:\/\/eec.cat\/blog\/wp-json\/wp\/v2\/posts\/1964\/revisions\/2649"}],"wp:featuredmedia":[{"embeddable":true,"href":"https:\/\/eec.cat\/blog\/wp-json\/wp\/v2\/media\/1965"}],"wp:attachment":[{"href":"https:\/\/eec.cat\/blog\/wp-json\/wp\/v2\/media?parent=1964"}],"wp:term":[{"taxonomy":"category","embeddable":true,"href":"https:\/\/eec.cat\/blog\/wp-json\/wp\/v2\/categories?post=1964"},{"taxonomy":"post_tag","embeddable":true,"href":"https:\/\/eec.cat\/blog\/wp-json\/wp\/v2\/tags?post=1964"}],"curies":[{"name":"wp","href":"https:\/\/api.w.org\/{rel}","templated":true}]}}