{"id":1959,"date":"2018-03-23T09:27:24","date_gmt":"2018-03-23T09:27:24","guid":{"rendered":"http:\/\/eec.cat\/blog\/?p=1959"},"modified":"2026-04-05T17:22:37","modified_gmt":"2026-04-05T16:22:37","slug":"passio-segons-sant-mateu-de-bach","status":"publish","type":"post","link":"https:\/\/eec.cat\/blog\/passio-segons-sant-mateu-de-bach\/","title":{"rendered":"Passi\u00f3 segons Sant Mateu de Bach"},"content":{"rendered":"<p>Tenim una oportunitat \u00fanica per a la comunitat Protestant de Barcelona en aquesta visita i concert. Ja que el Palau de la M\u00fasica ens ha ofert 55 entrades amb un descompte molt especial.<\/p>\n<p>La visita guiada, que ser\u00e0 abans del concert, comen\u00e7ar\u00e0 a les 18:45.<br \/>\nLes entrades (amb la seva reserva corresponent per correu electr\u00f2nic) en principi es recolliran a la taquilla del Palau de la M\u00fasica, per\u00f2 els que la tinguin reservada per mail els hi passaran la informaci\u00f3 amb totes les indicacions.<br \/>\nSi es del vostre inter\u00e8s,\u00a0NO US ADORMIU, reserveu ja!!!\u00a0Solament hi ha 55 entrades.<\/p>\n<p>Podeu demanar el mail especial per reservar entrades mitjan\u00e7ant <a href=\"http:\/\/eec.cat\/blog\/contacte\/\">el formulari de contacte del nostre web.<\/a><\/p>\n<p>&nbsp;<\/p>\n<p><img loading=\"lazy\" decoding=\"async\" class=\"aligncenter size-large wp-image-1961\" src=\"http:\/\/eec.cat\/blog\/wp-content\/uploads\/2018\/03\/Cartell-Passi\u00f3-segons-Sant-Mateu-Promo3-513x1024.jpg\" alt=\"\" width=\"513\" height=\"1024\" srcset=\"https:\/\/eec.cat\/blog\/wp-content\/uploads\/2018\/03\/Cartell-Passi\u00f3-segons-Sant-Mateu-Promo3-513x1024.jpg 513w, https:\/\/eec.cat\/blog\/wp-content\/uploads\/2018\/03\/Cartell-Passi\u00f3-segons-Sant-Mateu-Promo3-150x300.jpg 150w, https:\/\/eec.cat\/blog\/wp-content\/uploads\/2018\/03\/Cartell-Passi\u00f3-segons-Sant-Mateu-Promo3-768x1532.jpg 768w, https:\/\/eec.cat\/blog\/wp-content\/uploads\/2018\/03\/Cartell-Passi\u00f3-segons-Sant-Mateu-Promo3.jpg 1243w\" sizes=\"auto, (max-width: 513px) 100vw, 513px\" \/><\/p>\n","protected":false},"excerpt":{"rendered":"<p>Tenim una oportunitat \u00fanica per a la comunitat Protestant de Barcelona en aquesta visita i concert. Ja que el Palau de la M\u00fasica ens ha ofert 55 entrades amb un descompte molt especial. La visita guiada, que ser\u00e0 abans del concert, comen\u00e7ar\u00e0 a les 18:45. Les entrades (amb la seva reserva corresponent per correu electr\u00f2nic) [&hellip;]<\/p>\n","protected":false},"author":1,"featured_media":1961,"comment_status":"closed","ping_status":"open","sticky":false,"template":"","format":"standard","meta":{"_jetpack_memberships_contains_paid_content":false,"footnotes":""},"categories":[5,4],"tags":[115,114],"class_list":["post-1959","post","type-post","status-publish","format-standard","has-post-thumbnail","hentry","category-activitats","category-noticies","tag-bach","tag-concert"],"jetpack_sharing_enabled":true,"jetpack_featured_media_url":"https:\/\/eec.cat\/blog\/wp-content\/uploads\/2018\/03\/Cartell-Passi\u00f3-segons-Sant-Mateu-Promo3.jpg","_links":{"self":[{"href":"https:\/\/eec.cat\/blog\/wp-json\/wp\/v2\/posts\/1959","targetHints":{"allow":["GET"]}}],"collection":[{"href":"https:\/\/eec.cat\/blog\/wp-json\/wp\/v2\/posts"}],"about":[{"href":"https:\/\/eec.cat\/blog\/wp-json\/wp\/v2\/types\/post"}],"author":[{"embeddable":true,"href":"https:\/\/eec.cat\/blog\/wp-json\/wp\/v2\/users\/1"}],"replies":[{"embeddable":true,"href":"https:\/\/eec.cat\/blog\/wp-json\/wp\/v2\/comments?post=1959"}],"version-history":[{"count":1,"href":"https:\/\/eec.cat\/blog\/wp-json\/wp\/v2\/posts\/1959\/revisions"}],"predecessor-version":[{"id":2650,"href":"https:\/\/eec.cat\/blog\/wp-json\/wp\/v2\/posts\/1959\/revisions\/2650"}],"wp:featuredmedia":[{"embeddable":true,"href":"https:\/\/eec.cat\/blog\/wp-json\/wp\/v2\/media\/1961"}],"wp:attachment":[{"href":"https:\/\/eec.cat\/blog\/wp-json\/wp\/v2\/media?parent=1959"}],"wp:term":[{"taxonomy":"category","embeddable":true,"href":"https:\/\/eec.cat\/blog\/wp-json\/wp\/v2\/categories?post=1959"},{"taxonomy":"post_tag","embeddable":true,"href":"https:\/\/eec.cat\/blog\/wp-json\/wp\/v2\/tags?post=1959"}],"curies":[{"name":"wp","href":"https:\/\/api.w.org\/{rel}","templated":true}]}}