{"id":1945,"date":"2018-03-11T20:22:43","date_gmt":"2018-03-11T20:22:43","guid":{"rendered":"http:\/\/eec.cat\/blog\/?p=1945"},"modified":"2026-04-05T17:22:38","modified_gmt":"2026-04-05T16:22:38","slug":"assemblea-eec-2018-rubi-10-de-marc-de-2018","status":"publish","type":"post","link":"https:\/\/eec.cat\/blog\/assemblea-eec-2018-rubi-10-de-marc-de-2018\/","title":{"rendered":"ASSEMBLEA EEC 2018, Rub\u00ed, 10 de mar\u00e7 de 2018"},"content":{"rendered":"<p>L&#8217;assemblea de l&#8217;Esgl\u00e9sia Evang\u00e8lica de Catalunya (IEE-EEC) va comen\u00e7ar amb una meditaci\u00f3 de la Presidenta Pra. Marta L\u00f3pez a on ens instava a &#8220;embrutar-nos les mans&#8221; pels altres, seguint l\u2019exemple de Jes\u00fas, i agra\u00efa el temps que ha estat presidenta de l\u2019EEC i que enguany deixa per incompatibilitat amb el c\u00e0rrec a la Comissi\u00f3 Permanent de l&#8217;IEE com a Vicepresidenta.<\/p>\n<p>Un cop aprovada l\u2019acta, constitu\u00efda l\u2019assemblea i rebudes les paraules del representant de la C.P., que tamb\u00e9 va fer la Pra. Marta L\u00f3pez. Va donar-nos la seva visi\u00f3 del poc temps que porta en el c\u00e0rrec de Vicepresidenta de l&#8217;IEE, per\u00f2 no per aix\u00f2 restar import\u00e0ncia, i va remarcar l\u2019agra\u00efment per cuidar i estimar una esgl\u00e9sia que hem heretat i malgrat tots els problemes, ens anima a seguir endavant, treballant per la just\u00edcia i contracorrent.<\/p>\n<p>Despr\u00e8s d\u2019aix\u00f2 vam comptar amb la pon\u00e8ncia de Joel Cort\u00e8s sobre LA GRAN COMISSI\u00d3, on ens va fer veure la realitat del nostre m\u00f3n, la necessitat de compartir l\u2019evangeli i la preocupaci\u00f3 del futur de la nostra terra. Va remarcar les ultimes paraules de Jes\u00fas <em>\u201cI jo s\u00f3c amb vosaltres dia rere dia fins a la fi del m\u00f3n\u201d<\/em> i ens va encoratjar a que cada dia el comencem amb passi\u00f3 per fer real en les nostres vides, el Regne de D\u00e9u.<\/p>\n<p>Va seguir un moment de descans i esmorzar i vam continuar amb un col\u00b7loqui i canvi d\u2019impressions, per passar seguidament als informes de gesti\u00f3, tresoreria, institucions, fundacions i departaments on vam poder constatar la molta feina que fa una esgl\u00e9sia tant petita com la nostra.<\/p>\n<p>Un cop rebuda tota aquesta informaci\u00f3, vam poder gaudir del dinar de germanor al pat\u00ed de Rub\u00ed, una bona estona \u00a0per poder parlar fraternalment amb els germans.<\/p>\n<p>Ja per la tarda, es va continuar amb la presentaci\u00f3 de la nova revista <em>PROTESTANTES<\/em>, l\u2019informe del Consell pastoral i de les comunitats que integren l\u2019EEC; acte seguit es va procedir a les votacions dels c\u00e0rrecs, quedant de la seg\u00fcent manera:<\/p>\n<p>President: ISAAC GARCIA per dos anys<\/p>\n<p>Vicepresident: Pr. JONATHAN NAVARRO per quatre anys<\/p>\n<p>Secret\u00e0ria: ANNA GUINOT per quatre anys<\/p>\n<p>Secret\u00e0ria d\u2019actes: EMI MEIER per dos anys<\/p>\n<p>Tresorer: DAVID CASALS per dos anys<\/p>\n<p><img loading=\"lazy\" decoding=\"async\" class=\"wp-image-1947 aligncenter\" src=\"http:\/\/eec.cat\/blog\/wp-content\/uploads\/2018\/03\/carrecseec.jpg\" alt=\"\" width=\"573\" height=\"417\" \/><\/p>\n<p>Uns minuts vam dedicar al torn de paraules i ens vam acomiadar amb una preg\u00e0ria de la Pra. Marta L\u00f3pez.<\/p>\n<p>Com en totes les assemblees, hi van haver moments de discrep\u00e0ncia i moments d\u2019acords, moments per parlar del futur i treballar en el present, per\u00f2 sempre tenint present l\u2019amor de D\u00e9u i mantenir-nos arrelats a Crist per caminar junts.<\/p>\n","protected":false},"excerpt":{"rendered":"<p>L&#8217;assemblea de l&#8217;Esgl\u00e9sia Evang\u00e8lica de Catalunya (IEE-EEC) va comen\u00e7ar amb una meditaci\u00f3 de la Presidenta Pra. Marta L\u00f3pez a on ens instava a &#8220;embrutar-nos les mans&#8221; pels altres, seguint l\u2019exemple de Jes\u00fas, i agra\u00efa el temps que ha estat presidenta de l\u2019EEC i que enguany deixa per incompatibilitat amb el c\u00e0rrec a la Comissi\u00f3 Permanent [&hellip;]<\/p>\n","protected":false},"author":1,"featured_media":1946,"comment_status":"closed","ping_status":"open","sticky":false,"template":"","format":"standard","meta":{"_jetpack_memberships_contains_paid_content":false,"footnotes":""},"categories":[1,4],"tags":[],"class_list":["post-1945","post","type-post","status-publish","format-standard","has-post-thumbnail","hentry","category-general","category-noticies"],"jetpack_sharing_enabled":true,"jetpack_featured_media_url":"https:\/\/eec.cat\/blog\/wp-content\/uploads\/2018\/03\/Assemblea-EEC-2018.jpg","_links":{"self":[{"href":"https:\/\/eec.cat\/blog\/wp-json\/wp\/v2\/posts\/1945","targetHints":{"allow":["GET"]}}],"collection":[{"href":"https:\/\/eec.cat\/blog\/wp-json\/wp\/v2\/posts"}],"about":[{"href":"https:\/\/eec.cat\/blog\/wp-json\/wp\/v2\/types\/post"}],"author":[{"embeddable":true,"href":"https:\/\/eec.cat\/blog\/wp-json\/wp\/v2\/users\/1"}],"replies":[{"embeddable":true,"href":"https:\/\/eec.cat\/blog\/wp-json\/wp\/v2\/comments?post=1945"}],"version-history":[{"count":1,"href":"https:\/\/eec.cat\/blog\/wp-json\/wp\/v2\/posts\/1945\/revisions"}],"predecessor-version":[{"id":2653,"href":"https:\/\/eec.cat\/blog\/wp-json\/wp\/v2\/posts\/1945\/revisions\/2653"}],"wp:featuredmedia":[{"embeddable":true,"href":"https:\/\/eec.cat\/blog\/wp-json\/wp\/v2\/media\/1946"}],"wp:attachment":[{"href":"https:\/\/eec.cat\/blog\/wp-json\/wp\/v2\/media?parent=1945"}],"wp:term":[{"taxonomy":"category","embeddable":true,"href":"https:\/\/eec.cat\/blog\/wp-json\/wp\/v2\/categories?post=1945"},{"taxonomy":"post_tag","embeddable":true,"href":"https:\/\/eec.cat\/blog\/wp-json\/wp\/v2\/tags?post=1945"}],"curies":[{"name":"wp","href":"https:\/\/api.w.org\/{rel}","templated":true}]}}