{"id":1900,"date":"2017-10-22T06:27:51","date_gmt":"2017-10-22T06:27:51","guid":{"rendered":"http:\/\/eec.cat\/blog\/?p=1900"},"modified":"2026-04-05T17:22:39","modified_gmt":"2026-04-05T16:22:39","slug":"breu-ressenya-del-77e-sinode-de-liee-celebrat-a-barcelona","status":"publish","type":"post","link":"https:\/\/eec.cat\/blog\/breu-ressenya-del-77e-sinode-de-liee-celebrat-a-barcelona\/","title":{"rendered":"BREU RESSENYA DEL 77\u00e8 S\u00cdNODE DE L&#8217;IEE, CELEBRAT A BARCELONA"},"content":{"rendered":"<h6>L&#8217;Esgl\u00e9sia Evang\u00e8lica Espanyola va celebrar-ne el LXXVII S\u00ednode a Barcelona, entre els dies 12 i 15 d&#8217;octubre, en el marc de la celebraci\u00f3 dels 500 anys de la Reforma Protestant. El lema sota el qual s\u2019hi apleg\u00e0 va ser &#8220;<em>Semper reformanda<\/em>&#8220;.<\/h6>\n<p>El culte d&#8217;obertura s\u2019escaigu\u00e9 a l&#8217;Esgl\u00e9sia Protestant de Barcelona-Centre, amb una esgl\u00e9sia plena. La lit\u00fargia es va desenvolupar al voltant de les &#8220;cinc <em>soles<\/em>&#8221; de la fe reformada i va comptar amb la participaci\u00f3 de la Coral Unida de les esgl\u00e9sies de Barcelona-Centre i Rub\u00ed. La predicaci\u00f3 de la Paraula va anar a c\u00e0rrec de la pastora i presidenta del Presbiteri de Catalunya Marta L\u00f3pez i del Dr. Joan Botam. Hi feren tamb\u00e9 acte de pres\u00e8ncia i expressaren les seves salutacions al S\u00ednode Sr. Enric Vendrell, director d&#8217;Afers religiosos de la Generalitat de Catalunya i la Sra. Cristina Monteys Homar, de l&#8217;Oficina Afers religiosos l&#8217;Ajuntament de Barcelona.<\/p>\n<p><img loading=\"lazy\" decoding=\"async\" class=\"aligncenter size-full wp-image-1902\" src=\"http:\/\/eec.cat\/blog\/wp-content\/uploads\/2017\/10\/apertura.jpg\" alt=\"\" width=\"1518\" height=\"855\" srcset=\"https:\/\/eec.cat\/blog\/wp-content\/uploads\/2017\/10\/apertura.jpg 1518w, https:\/\/eec.cat\/blog\/wp-content\/uploads\/2017\/10\/apertura-300x169.jpg 300w, https:\/\/eec.cat\/blog\/wp-content\/uploads\/2017\/10\/apertura-768x433.jpg 768w, https:\/\/eec.cat\/blog\/wp-content\/uploads\/2017\/10\/apertura-1024x577.jpg 1024w\" sizes=\"auto, (max-width: 1518px) 100vw, 1518px\" \/><\/p>\n<p>&nbsp;<\/p>\n<p>Les sessions del S\u00ednode es van realitzar a Castelldefels. La pon\u00e8ncia principal va anar a c\u00e0rrec del pastor i te\u00f2leg reformat Leopoldo Cervantes-Ort\u00edz que va venir des de M\u00e8xic per participar-hi. En aquesta pon\u00e8ncia titulada &#8220;Lectures cr\u00edtiques i autocr\u00edtiques de la Reforma Protestant&#8221; s\u2019acost\u00e0 al desenvolupament del protestantisme a Am\u00e8rica Llatina i a Espanya, assenyalant punts de trobada i desafiaments paral\u00b7lels per a aquests temps, sota una visi\u00f3 hist\u00f2rico-teol\u00f2gica de gran envergadura. Les sessions transcorregu\u00e9 en un ambient c\u00e0lid i fratern. Com a punt a destacar, val a dir que el S\u00ednode ha fet una declaraci\u00f3 a favor dels drets de la inf\u00e0ncia, amb una crida a protegir-los contra la viol\u00e8ncia, l&#8217;explotaci\u00f3 i l&#8217;ab\u00fas sexual, de la qual milers de nens i nenes s\u00f3n v\u00edctimes en tot el m\u00f3n i la xifra es va enfilant desmesuradament.<\/p>\n<p>En aquest S\u00ednode, es van renovar els membres de la Comissi\u00f3 Permanent en tots els seus c\u00e0rrecs segons la normativa aprovada pel S\u00ednode anterior, celebrat a Madrid. Els c\u00e0rrecs electes van quedar com segueix: President: Pastor Alfredo Abad; Vicepresidenta: Pastora Marta L\u00f3pez; Secretari 1r: Pastor Dr. Israel Flors; Secret\u00e0ria 2a: Sra. D\u00e0maris Ruiz; Tresorera: Sra. Ruth Camacho; Vocal 1a. Pastor David Manzanas; i Vocal 2n. Pastor Mariano Arellano. El S\u00ednode va fer un profund reconeixement de la traject\u00f2ria del Sr. Joel Cort\u00e9s pel seu servei i entrega a l&#8217;esgl\u00e9sia, com a membre de la Comissi\u00f3 Permanent, amb un cam\u00ed de 38 anys dels quals els \u00faltims 16 hi f\u00e9u de President d&#8217;aquesta Comissi\u00f3. Aix\u00ed mateix es va recon\u00e8ixer i agrair als que van deixar el c\u00e0rrec com a membres de la Comissi\u00f3 Permanent, com ara el Pastor Jos\u00e9 Manuel Moch\u00f3n, amb una llarga traject\u00f2ria de 28 anys, el Sr. David Casals i al Pastor Ricardo Moraleja.<\/p>\n<p><img loading=\"lazy\" decoding=\"async\" class=\"alignleft size-full wp-image-1903\" src=\"http:\/\/eec.cat\/blog\/wp-content\/uploads\/2017\/10\/presidents.jpg\" alt=\"\" width=\"960\" height=\"960\" srcset=\"https:\/\/eec.cat\/blog\/wp-content\/uploads\/2017\/10\/presidents.jpg 960w, https:\/\/eec.cat\/blog\/wp-content\/uploads\/2017\/10\/presidents-150x150.jpg 150w, https:\/\/eec.cat\/blog\/wp-content\/uploads\/2017\/10\/presidents-300x300.jpg 300w, https:\/\/eec.cat\/blog\/wp-content\/uploads\/2017\/10\/presidents-768x768.jpg 768w\" sizes=\"auto, (max-width: 960px) 100vw, 960px\" \/><\/p>\n<p>&nbsp;<\/p>\n<p>Paral\u00b7lelament es va celebrar un s\u00ednode juvenil amb el prop\u00f2sit de trobar-se i reprendre treballs conjunts a nivell nacional. El culte de cloenda va tenir lloc a l&#8217;Esgl\u00e9sia Protestant Betel-Sant Pau. La predicaci\u00f3 va anar a c\u00e0rrec del president cessant de la Comissi\u00f3 Permanent D. Joel Cort\u00e9s amb un emotiu i profund missatge basat en el salm 23, instant el S\u00ednode a no deixar de veure el Senyor com el nostre guia i Pastor. Les paraules finals del S\u00ednode a c\u00e0rrec del nou president, el pastor Alfredo Abad, van servir de reconeixement als que van treballar per fer-lo possible, i d&#8217;est\u00edmul per a l&#8217;Esgl\u00e9sia Evang\u00e8lica Espanyola en el compliment fidel de la seva missi\u00f3.<\/p>\n<p><img loading=\"lazy\" decoding=\"async\" class=\"aligncenter size-full wp-image-1901\" src=\"http:\/\/eec.cat\/blog\/wp-content\/uploads\/2017\/10\/grup-s\u00ednode.jpg\" alt=\"\" width=\"1000\" height=\"582\" srcset=\"https:\/\/eec.cat\/blog\/wp-content\/uploads\/2017\/10\/grup-s\u00ednode.jpg 1000w, https:\/\/eec.cat\/blog\/wp-content\/uploads\/2017\/10\/grup-s\u00ednode-300x175.jpg 300w, https:\/\/eec.cat\/blog\/wp-content\/uploads\/2017\/10\/grup-s\u00ednode-768x447.jpg 768w\" sizes=\"auto, (max-width: 1000px) 100vw, 1000px\" \/><\/p>\n","protected":false},"excerpt":{"rendered":"<p>L&#8217;Esgl\u00e9sia Evang\u00e8lica Espanyola va celebrar-ne el LXXVII S\u00ednode a Barcelona, entre els dies 12 i 15 d&#8217;octubre, en el marc de la celebraci\u00f3 dels 500 anys de la Reforma Protestant. El lema sota el qual s\u2019hi apleg\u00e0 va ser &#8220;Semper reformanda&#8220;. El culte d&#8217;obertura s\u2019escaigu\u00e9 a l&#8217;Esgl\u00e9sia Protestant de Barcelona-Centre, amb una esgl\u00e9sia plena. La [&hellip;]<\/p>\n","protected":false},"author":1,"featured_media":0,"comment_status":"closed","ping_status":"open","sticky":false,"template":"","format":"standard","meta":{"_jetpack_memberships_contains_paid_content":false,"footnotes":""},"categories":[4],"tags":[],"class_list":["post-1900","post","type-post","status-publish","format-standard","hentry","category-noticies"],"jetpack_sharing_enabled":true,"jetpack_featured_media_url":"","_links":{"self":[{"href":"https:\/\/eec.cat\/blog\/wp-json\/wp\/v2\/posts\/1900","targetHints":{"allow":["GET"]}}],"collection":[{"href":"https:\/\/eec.cat\/blog\/wp-json\/wp\/v2\/posts"}],"about":[{"href":"https:\/\/eec.cat\/blog\/wp-json\/wp\/v2\/types\/post"}],"author":[{"embeddable":true,"href":"https:\/\/eec.cat\/blog\/wp-json\/wp\/v2\/users\/1"}],"replies":[{"embeddable":true,"href":"https:\/\/eec.cat\/blog\/wp-json\/wp\/v2\/comments?post=1900"}],"version-history":[{"count":1,"href":"https:\/\/eec.cat\/blog\/wp-json\/wp\/v2\/posts\/1900\/revisions"}],"predecessor-version":[{"id":2657,"href":"https:\/\/eec.cat\/blog\/wp-json\/wp\/v2\/posts\/1900\/revisions\/2657"}],"wp:attachment":[{"href":"https:\/\/eec.cat\/blog\/wp-json\/wp\/v2\/media?parent=1900"}],"wp:term":[{"taxonomy":"category","embeddable":true,"href":"https:\/\/eec.cat\/blog\/wp-json\/wp\/v2\/categories?post=1900"},{"taxonomy":"post_tag","embeddable":true,"href":"https:\/\/eec.cat\/blog\/wp-json\/wp\/v2\/tags?post=1900"}],"curies":[{"name":"wp","href":"https:\/\/api.w.org\/{rel}","templated":true}]}}