{"id":1898,"date":"2017-10-22T06:22:33","date_gmt":"2017-10-22T06:22:33","guid":{"rendered":"http:\/\/eec.cat\/blog\/?p=1898"},"modified":"2026-04-05T17:22:39","modified_gmt":"2026-04-05T16:22:39","slug":"declaracio-del-77e-sinode-general-de-la-iee-en-favor-dels-drets-de-la-infancia","status":"publish","type":"post","link":"https:\/\/eec.cat\/blog\/declaracio-del-77e-sinode-general-de-la-iee-en-favor-dels-drets-de-la-infancia\/","title":{"rendered":"DECLARACI\u00d3 DEL 77\u00e8 S\u00cdNODE GENERAL DE LA IEE EN FAVOR DELS DRETS DE LA INF\u00c0NCIA"},"content":{"rendered":"<h3>DECLARACI\u00d3 DEL 77\u00e8 S\u00cdNODE GENERAL DE L&#8217;ESGL\u00c9SIA EVANG\u00c8LICA ESPANYOLA EN FAVOR DELS DRETS DE LA INF\u00c0NCIA,<\/h3>\n<h6>AL 500 ANIVERSARI DE LA REFORMA PROTESTANT.<\/h6>\n<p>Protegir la inf\u00e0ncia contra la viol\u00e8ncia, l&#8217;explotaci\u00f3 i l&#8217;ab\u00fas sexual constitueix un component integral de la protecci\u00f3 del seu dret a la superviv\u00e8ncia, el creixement i el desenvolupament. Aix\u00f2 no obstant, s&#8217;estima que entre 500 i 1.500 milions de nens experimenten la viol\u00e8ncia anualment<a href=\"#_ftn1\" name=\"_ftnref1\">[1]<\/a>. Aproximadament 250.000 nens es veuen immersos en conflictes arreu del m\u00f3n<a href=\"#_ftn2\" name=\"_ftnref2\">[2]<\/a>. S\u00f3n utilitzats com a combatents, missatgers, espies, porters i cuiners, i les nenes particularment es veuen obligades a realitzar serveis sexuals, privant-los aix\u00ed dels seus drets i de la seva inf\u00e0ncia. Segons les estimacions, un total de 158 milions de nens, d&#8217;edats compreses entre els 5 i els 14 anys, han estat treballadors des del 2006<a href=\"#_ftn3\" name=\"_ftnref3\">[3]<\/a>. UNICEF calcula que 70 milions de nenes i dones, d&#8217;entre 15 i 49 anys, de vint pa\u00efsos d&#8217;\u00c0frica, a m\u00e9s del Iemen, han patit la mutilaci\u00f3 o ablaci\u00f3 genital femenina<a href=\"#_ftn4\" name=\"_ftnref4\">[4]<\/a>. El 2005 l&#8217;Organitzaci\u00f3 Internacional del Treball estimava que entre 980,000-1.250.000 infants es veuen situats en un context de treball for\u00e7at com a conseq\u00fc\u00e8ncia del tr\u00e0fic de persones<a href=\"#_ftn5\" name=\"_ftnref5\">[5]<\/a>. Tot i que les estad\u00edstiques amb relaci\u00f3 a l&#8217;ab\u00fas sexual i l&#8217;explotaci\u00f3 s\u00f3n valoracions generals i s\u2019haurien de tractar amb precauci\u00f3, s&#8217;estima que 150 milions de nenes i 73 milions de nens menors de 18 anys han mantingut relacions sexuals for\u00e7ades o han estat sotmesos a altres formes de viol\u00e8ncia i explotaci\u00f3 sexuals que impliquen contacte f\u00edsic<a href=\"#_ftn6\" name=\"_ftnref6\">[6]<\/a>.<\/p>\n<p>Totes aquestes dades confirmen que els nens i les nenes s\u00f3n els \u00e9ssers m\u00e9s desvalguts de la societat, completament dependents dels que els cuiden i els eduquen. No es poden organitzar, no poden votar, no es poden manifestar, no tenen veu.<\/p>\n<p>Davant aquesta dram\u00e0tica situaci\u00f3, en obedi\u00e8ncia a la paraula b\u00edblica, que ens urgeix a fer just\u00edcia i tenir miseric\u00f2rdia (Miquees 6: 8); ferms en la nostra fe en D\u00e9u, que s&#8217;ha revelat en plenitud, feble i vulnerable, en la persona de Jes\u00fas de Natzaret; inspirats per la Teologia de la Creu, que ens crida a la solidaritat amb les v\u00edctimes, a denunciar la injust\u00edcia sent la veu dels que no la tenen, els m\u00e9s vulnerables i febles, com ho \u00e9s la inf\u00e0ncia, i a promoure els drets i la dignitat de tots i totes; reunits en S\u00ednode General de l&#8217;Esgl\u00e9sia Evang\u00e8lica Espanyola:<\/p>\n<ul>\n<li>Declarem la necessitat de la defensa integral dels drets de la inf\u00e0ncia i de la den\u00fancia de tot tipus d&#8217;ab\u00fas que pateixin els nens i nenes del nostre m\u00f3n.<\/li>\n<li>Ens posicionem de manera clara i rotunda contra l&#8217;esclavitud laboral, els abusos sexuals, i l&#8217;\u00fas dels nens en els conflictes b\u00e8l\u00b7lics.<\/li>\n<li>Apel\u00b7lem a la consci\u00e8ncia dels membres de les nostres esgl\u00e9sies i la poblaci\u00f3 en general per exercitar un consum responsable que eviti la cooperaci\u00f3 amb formes de comer\u00e7 que impliquin qualsevol tipus d&#8217;ab\u00fas a menors.<\/li>\n<li>Ens manifestem a favor de la lluita perqu\u00e8 tots els nens i nenes del m\u00f3n puguin desenvolupar les seves vides, la seva educaci\u00f3 i la seva inf\u00e0ncia en pau.<\/li>\n<li>Ens comprometem, com a Esgl\u00e9sia Evang\u00e8lica Espanyola, en la mesura de les nostres possibilitats, a fer visibles i a donar suport a aquelles organitzacions que lluiten a favor dels drets de la inf\u00e0ncia, donant a con\u00e8ixer a les nostres comunitats i a la nostra societat aquelles iniciatives que treballin en aquest sentit , amb informaci\u00f3 fidel i actualitzada.<\/li>\n<\/ul>\n<p>A Castelldefels, a 14 d&#8217;octubre de 2017.<\/p>\n<p><a href=\"#_ftnref1\" name=\"_ftn1\">[1]<\/a> UNODC (Oficina de les Naciones Unidas contra la droga y el delicte) <em>12\u00ba Congreso de las Naciones Unidas sobre Prevenci\u00f3n del Delito y Justicia Penal Salvador, Brasil, 12 a 19 de abril de 2010<\/em>, (Austria: V.10-51187\u2014Marzo de 2010\u2014250), p. 5.<\/p>\n<p><a href=\"#_ftnref2\" name=\"_ftn2\">[2]<\/a> UNICEF Centre de prenssa (<a href=\"https:\/\/www.unicef.org\/spanish\/media\/media_45451.html\">https:\/\/www.unicef.org\/spanish\/media\/media_45451.html<\/a>) acceso 18 de octubre de 2017.<\/p>\n<p><a href=\"#_ftnref3\" name=\"_ftn3\">[3]<\/a> llo, Yacouba, et al., <em>Global Child Labour Developments: Measuring trends from 2004 to 2008<\/em>, (Organizaci\u00f3 Internacional del Treball, Ginebra, 2010).<\/p>\n<p><a href=\"#_ftnref4\" name=\"_ftn4\">[4]<\/a> UNICEF <em>Progreso para la Infancia: Un balance sobre la Protecci\u00f3n de la Ni\u00f1ez N\u00ba 8 septiembre de 2009 <\/em>(New York: UNICEF, 2009) pp. 12-13.<\/p>\n<p><a href=\"#_ftnref5\" name=\"_ftn5\">[5]<\/a> Hans van de Glind en OIT<em>, Preguntas y respuestas sobre trata infantil (Manual de formaci\u00f3n para mandantes de la OIT).<\/em><\/p>\n<p><a href=\"#_ftnref6\" name=\"_ftn6\">[6]<\/a> <em>Global Estimates of Health Consequences due to Violence against Children<\/em>, Document d\u2019antecedents perarat per l\u2019Estudi de les Nacions Unides sobre la Viol\u00e8ncia contra la inf\u00e0ncia (Ginebra, Organizaci\u00f3 Mundial de la Salud, 2006), en base a c\u00e0lculs de G. Andrews i altres. \u201cChild sexual abuse\u201d, cap\u00edtulo 23, en M. Ezzati i altres, Comparative Quantification of Health Risks: Global and regional burden of disease attributable to selected major risk factors (Ginebra, Organizaci\u00f3 Mundial de la Salud, 2004), vol. 2, p\u00e0gs. 1851 a 1940, i en base a les dades de la Divisi\u00f3 de Poblaci\u00f3 del Departament d\u2019Asuntes Econ\u00f2mics y Socials per la poblaci\u00f3 menor de 18 anys.<\/p>\n","protected":false},"excerpt":{"rendered":"<p>DECLARACI\u00d3 DEL 77\u00e8 S\u00cdNODE GENERAL DE L&#8217;ESGL\u00c9SIA EVANG\u00c8LICA ESPANYOLA EN FAVOR DELS DRETS DE LA INF\u00c0NCIA, AL 500 ANIVERSARI DE LA REFORMA PROTESTANT. Protegir la inf\u00e0ncia contra la viol\u00e8ncia, l&#8217;explotaci\u00f3 i l&#8217;ab\u00fas sexual constitueix un component integral de la protecci\u00f3 del seu dret a la superviv\u00e8ncia, el creixement i el desenvolupament. Aix\u00f2 no obstant, s&#8217;estima [&hellip;]<\/p>\n","protected":false},"author":1,"featured_media":0,"comment_status":"closed","ping_status":"open","sticky":false,"template":"","format":"standard","meta":{"_jetpack_memberships_contains_paid_content":false,"footnotes":""},"categories":[42],"tags":[],"class_list":["post-1898","post","type-post","status-publish","format-standard","hentry","category-declaracions"],"jetpack_sharing_enabled":true,"jetpack_featured_media_url":"","_links":{"self":[{"href":"https:\/\/eec.cat\/blog\/wp-json\/wp\/v2\/posts\/1898","targetHints":{"allow":["GET"]}}],"collection":[{"href":"https:\/\/eec.cat\/blog\/wp-json\/wp\/v2\/posts"}],"about":[{"href":"https:\/\/eec.cat\/blog\/wp-json\/wp\/v2\/types\/post"}],"author":[{"embeddable":true,"href":"https:\/\/eec.cat\/blog\/wp-json\/wp\/v2\/users\/1"}],"replies":[{"embeddable":true,"href":"https:\/\/eec.cat\/blog\/wp-json\/wp\/v2\/comments?post=1898"}],"version-history":[{"count":1,"href":"https:\/\/eec.cat\/blog\/wp-json\/wp\/v2\/posts\/1898\/revisions"}],"predecessor-version":[{"id":2658,"href":"https:\/\/eec.cat\/blog\/wp-json\/wp\/v2\/posts\/1898\/revisions\/2658"}],"wp:attachment":[{"href":"https:\/\/eec.cat\/blog\/wp-json\/wp\/v2\/media?parent=1898"}],"wp:term":[{"taxonomy":"category","embeddable":true,"href":"https:\/\/eec.cat\/blog\/wp-json\/wp\/v2\/categories?post=1898"},{"taxonomy":"post_tag","embeddable":true,"href":"https:\/\/eec.cat\/blog\/wp-json\/wp\/v2\/tags?post=1898"}],"curies":[{"name":"wp","href":"https:\/\/api.w.org\/{rel}","templated":true}]}}