{"id":1894,"date":"2017-10-03T09:30:56","date_gmt":"2017-10-03T09:30:56","guid":{"rendered":"http:\/\/eec.cat\/blog\/?p=1894"},"modified":"2026-04-05T17:22:40","modified_gmt":"2026-04-05T16:22:40","slug":"comunicat-dolor-i-rebuig-per-lus-de-la-forca-a-catalunya","status":"publish","type":"post","link":"https:\/\/eec.cat\/blog\/comunicat-dolor-i-rebuig-per-lus-de-la-forca-a-catalunya\/","title":{"rendered":"Comunicat: Dolor i rebuig per l&#8217;\u00fas de la for\u00e7a a Catalunya"},"content":{"rendered":"<p>IGLESIA EVANGELICA ESPA\u00d1OLA<\/p>\n<p>ESGL\u00c9SIA EVANG\u00c8LICA DE CATALUNYA<\/p>\n<p>Comunicat de premsa<\/p>\n<h3>DOLOR I REBUIG PER L\u2019\u00daS DE LA FOR\u00c7A A CATALUNYA, PER REPRIMIR UNA EXPRESSI\u00d3 DE LA VOLUNTAT POPULAR<\/h3>\n<p>Davant l\u2019escalada de tensi\u00f3 i l\u2019\u00fas de la for\u00e7a emprada a Catalunya contra una expressi\u00f3 de la voluntat popular, volem condemnar les accions violentes que s\u2019han esdevingut avui i expressar la nostra profunda decepci\u00f3 davant la manca de voluntat pol\u00edtica per evitar els fets lamentables que s\u2019han produ\u00eft.<\/p>\n<p>Refusem l\u2019actuaci\u00f3 policial que ha contribu\u00eft a aquesta tensi\u00f3 fent un \u00fas desproporcionat de la for\u00e7a i manifestem el nostre dolor per les m\u00e9s de 900 v\u00edctimes, dos de les quals estan en estat molt greu en el moment d\u2019emetre aquest comunicat.<\/p>\n<p>Denunciem que actuacions repressives com aquestes no s\u00f3n pr\u00f2pies d\u2019un estat que diu vetllar per la protecci\u00f3 e integritat de tots seus ciutadans, preservant-ne els drets democr\u00e0tics fonamentals.<\/p>\n<p>La IEE, juntament amb la EEC, no ens manifestem a favor d\u2019opcions pol\u00edtiques, en tant que aquestes formen part de la llibertat de pensament de les persones, per\u00f2 amb l\u2019EEC plegats tamb\u00e9 cridem al respecte mutu, al di\u00e0leg i a la garantia dels drets civils i pol\u00edtics de la ciutadania.<\/p>\n<p>La pau es la nostra vocaci\u00f3 cristiana, i qualsevol acte que trenca amb la pau mitjan\u00e7ant la utilitzaci\u00f3 de la for\u00e7a ens resulta lamentable i rebutjable.<\/p>\n<p>Fem una crida a la reconciliaci\u00f3 i als esfor\u00e7os de di\u00e0leg que ens ajuden a viure amb les nostres discrep\u00e0ncies i difer\u00e8ncies, tal i com ens ensenya l\u2019evangeli de Jesucrist.<\/p>\n<p>COMISI\u00d3N PERMANENTE DE LA IEE<\/p>\n<p>MESA DE L\u2019 ESGL\u00c9SIA EVANG\u00c8LICA DE CATALUNYA (IEE en Catalunya)<\/p>\n<p><img loading=\"lazy\" decoding=\"async\" class=\"alignleft size-thumbnail wp-image-1895\" src=\"http:\/\/eec.cat\/blog\/wp-content\/uploads\/2017\/10\/logo_IEE-roll-150x150.jpg\" alt=\"\" width=\"150\" height=\"150\" \/><img loading=\"lazy\" decoding=\"async\" class=\"alignleft size-medium wp-image-1757\" src=\"http:\/\/eec.cat\/blog\/wp-content\/uploads\/2017\/03\/cropped-logo_eec_512-300x300.gif\" alt=\"\" width=\"175\" height=\"175\" srcset=\"https:\/\/eec.cat\/blog\/wp-content\/uploads\/2017\/03\/cropped-logo_eec_512-300x300.gif 300w, https:\/\/eec.cat\/blog\/wp-content\/uploads\/2017\/03\/cropped-logo_eec_512-150x150.gif 150w, https:\/\/eec.cat\/blog\/wp-content\/uploads\/2017\/03\/cropped-logo_eec_512-270x270.gif 270w, https:\/\/eec.cat\/blog\/wp-content\/uploads\/2017\/03\/cropped-logo_eec_512-192x192.gif 192w, https:\/\/eec.cat\/blog\/wp-content\/uploads\/2017\/03\/cropped-logo_eec_512-180x180.gif 180w, https:\/\/eec.cat\/blog\/wp-content\/uploads\/2017\/03\/cropped-logo_eec_512-32x32.gif 32w\" sizes=\"auto, (max-width: 175px) 100vw, 175px\" \/><\/p>\n","protected":false},"excerpt":{"rendered":"<p>IGLESIA EVANGELICA ESPA\u00d1OLA ESGL\u00c9SIA EVANG\u00c8LICA DE CATALUNYA Comunicat de premsa DOLOR I REBUIG PER L\u2019\u00daS DE LA FOR\u00c7A A CATALUNYA, PER REPRIMIR UNA EXPRESSI\u00d3 DE LA VOLUNTAT POPULAR Davant l\u2019escalada de tensi\u00f3 i l\u2019\u00fas de la for\u00e7a emprada a Catalunya contra una expressi\u00f3 de la voluntat popular, volem condemnar les accions violentes que s\u2019han esdevingut [&hellip;]<\/p>\n","protected":false},"author":1,"featured_media":0,"comment_status":"closed","ping_status":"open","sticky":false,"template":"","format":"standard","meta":{"_jetpack_memberships_contains_paid_content":false,"footnotes":""},"categories":[42],"tags":[],"class_list":["post-1894","post","type-post","status-publish","format-standard","hentry","category-declaracions"],"jetpack_sharing_enabled":true,"jetpack_featured_media_url":"","_links":{"self":[{"href":"https:\/\/eec.cat\/blog\/wp-json\/wp\/v2\/posts\/1894","targetHints":{"allow":["GET"]}}],"collection":[{"href":"https:\/\/eec.cat\/blog\/wp-json\/wp\/v2\/posts"}],"about":[{"href":"https:\/\/eec.cat\/blog\/wp-json\/wp\/v2\/types\/post"}],"author":[{"embeddable":true,"href":"https:\/\/eec.cat\/blog\/wp-json\/wp\/v2\/users\/1"}],"replies":[{"embeddable":true,"href":"https:\/\/eec.cat\/blog\/wp-json\/wp\/v2\/comments?post=1894"}],"version-history":[{"count":1,"href":"https:\/\/eec.cat\/blog\/wp-json\/wp\/v2\/posts\/1894\/revisions"}],"predecessor-version":[{"id":2659,"href":"https:\/\/eec.cat\/blog\/wp-json\/wp\/v2\/posts\/1894\/revisions\/2659"}],"wp:attachment":[{"href":"https:\/\/eec.cat\/blog\/wp-json\/wp\/v2\/media?parent=1894"}],"wp:term":[{"taxonomy":"category","embeddable":true,"href":"https:\/\/eec.cat\/blog\/wp-json\/wp\/v2\/categories?post=1894"},{"taxonomy":"post_tag","embeddable":true,"href":"https:\/\/eec.cat\/blog\/wp-json\/wp\/v2\/tags?post=1894"}],"curies":[{"name":"wp","href":"https:\/\/api.w.org\/{rel}","templated":true}]}}