{"id":1892,"date":"2017-09-20T20:09:47","date_gmt":"2017-09-20T20:09:47","guid":{"rendered":"http:\/\/eec.cat\/blog\/?p=1892"},"modified":"2026-04-05T17:22:40","modified_gmt":"2026-04-05T16:22:40","slug":"declaracio-de-lesglesia-evangelica-de-catalunya-davant-els-fets-del-20-s","status":"publish","type":"post","link":"https:\/\/eec.cat\/blog\/declaracio-de-lesglesia-evangelica-de-catalunya-davant-els-fets-del-20-s\/","title":{"rendered":"Declaraci\u00f3 de l&#8217;Esgl\u00e9sia Evang\u00e8lica de Catalunya davant els fets del 20-S"},"content":{"rendered":"<p>Davant els \u00faltims esdeveniment que s\u2019estan vivint a Catalunya, davant la vulneraci\u00f3 de les llibertats ciutadanes, l\u2019Esgl\u00e9sia Evang\u00e8lica de Catalunya vol fer una crida al respecte dels drets de tots i totes.<\/p>\n<p>Perqu\u00e8 \u00e9s condemnable que la legalitat es porti a l\u2019extrem de fer trontollar l\u2019estat de dret i perqu\u00e8 no podem mantenir el silenci davant la utilitzaci\u00f3 de la llei com una eina contra la democr\u00e0cia i la ciutadania.<\/p>\n<p>Sabem que la tensi\u00f3, en aquests moments, davant el proper 1 d\u2019octubre, cada dia \u00e9s m\u00e9s gran, per\u00f2 la tensi\u00f3 no pot imperar davant la responsabilitat pol\u00edtica i de les forces de seguretat de l\u2019estat de donar-se, protegir i treballar pels drets d\u2019aquelles i aquells a qui serveixen.<\/p>\n<p>Cap de les actuacions dutes a terme no han ajudat a portar la pau i la serenor en aquests moments convulsos que estem vivint, ans el contrari, decisions que freguen, si no vulneren la legalitat, estan afegint tensi\u00f3 de tal forma a la conviv\u00e8ncia que poden provocar un trencament social, del qual pot ser molt dif\u00edcil recuperar-se.<\/p>\n<p><strong>Des de l\u2019EEC no ens manifestarem a favor de cap opci\u00f3 pol\u00edtica, les conviccions s\u00f3n individuals i cadasc\u00fa i cadascuna ha de prendre les seves<\/strong>, per\u00f2 s\u00ed volem fer una crida al respecte mutu, al di\u00e0leg i, sobre tot, a l\u2019acatament dels drets de tota la ciutadania.<\/p>\n<p>Per aix\u00f2 demanen, en primer lloc, a totes i tots els que tenen a les seves mans la soluci\u00f3 del problema, que actu\u00efn amb ponderaci\u00f3, sempre considerant que han sigut escollits per garantir les llibertats dels ciutadans, no per restringir-les, <strong>la llei no ha de ser instrument de repressi\u00f3, sin\u00f3 garant de la llibertat<\/strong>.<\/p>\n<p>Demanem tamb\u00e9 que la democr\u00e0cia sigui respectada i que la societat tingui la llibertat d\u2019expressar-se en les seves conviccions.<\/p>\n<p>Com deia l\u2019ap\u00f2stol Pau: <em>cerquem, doncs, all\u00f2 que porta la pau i que edifica la comunitat<\/em>, perqu\u00e8 la diversitat \u00e9s enriquidora, si sabem viure-la des de la conviv\u00e8ncia i la llibertat d\u2019expressar-se.<\/p>\n<p>Cridats a ser agents de pau, volem que la nostra societat la pugui viure, sense pressions que tibin m\u00e9s encara la situaci\u00f3 que vivim. Reclamen la responsabilitat de tots els actors, pol\u00edtics, policials, judicials i socials, en la defensa dels drets que avui s\u2019estan vulnerant, i en aquesta responsabilitat promoure accions perqu\u00e8 la seguretat legal de totes i tots estigui garantida, des de la pau i el di\u00e0leg.<\/p>\n<p>Barcelona 20 de setembre de 2017<\/p>\n<p>&nbsp;<\/p>\n","protected":false},"excerpt":{"rendered":"<p>Davant els \u00faltims esdeveniment que s\u2019estan vivint a Catalunya, davant la vulneraci\u00f3 de les llibertats ciutadanes, l\u2019Esgl\u00e9sia Evang\u00e8lica de Catalunya vol fer una crida al respecte dels drets de tots i totes. Perqu\u00e8 \u00e9s condemnable que la legalitat es porti a l\u2019extrem de fer trontollar l\u2019estat de dret i perqu\u00e8 no podem mantenir el silenci [&hellip;]<\/p>\n","protected":false},"author":1,"featured_media":0,"comment_status":"closed","ping_status":"open","sticky":false,"template":"","format":"standard","meta":{"_jetpack_memberships_contains_paid_content":false,"footnotes":""},"categories":[42],"tags":[],"class_list":["post-1892","post","type-post","status-publish","format-standard","hentry","category-declaracions"],"jetpack_sharing_enabled":true,"jetpack_featured_media_url":"","_links":{"self":[{"href":"https:\/\/eec.cat\/blog\/wp-json\/wp\/v2\/posts\/1892","targetHints":{"allow":["GET"]}}],"collection":[{"href":"https:\/\/eec.cat\/blog\/wp-json\/wp\/v2\/posts"}],"about":[{"href":"https:\/\/eec.cat\/blog\/wp-json\/wp\/v2\/types\/post"}],"author":[{"embeddable":true,"href":"https:\/\/eec.cat\/blog\/wp-json\/wp\/v2\/users\/1"}],"replies":[{"embeddable":true,"href":"https:\/\/eec.cat\/blog\/wp-json\/wp\/v2\/comments?post=1892"}],"version-history":[{"count":1,"href":"https:\/\/eec.cat\/blog\/wp-json\/wp\/v2\/posts\/1892\/revisions"}],"predecessor-version":[{"id":2660,"href":"https:\/\/eec.cat\/blog\/wp-json\/wp\/v2\/posts\/1892\/revisions\/2660"}],"wp:attachment":[{"href":"https:\/\/eec.cat\/blog\/wp-json\/wp\/v2\/media?parent=1892"}],"wp:term":[{"taxonomy":"category","embeddable":true,"href":"https:\/\/eec.cat\/blog\/wp-json\/wp\/v2\/categories?post=1892"},{"taxonomy":"post_tag","embeddable":true,"href":"https:\/\/eec.cat\/blog\/wp-json\/wp\/v2\/tags?post=1892"}],"curies":[{"name":"wp","href":"https:\/\/api.w.org\/{rel}","templated":true}]}}