{"id":1880,"date":"2017-08-25T08:08:32","date_gmt":"2017-08-25T08:08:32","guid":{"rendered":"http:\/\/eec.cat\/blog\/?p=1880"},"modified":"2026-04-05T17:22:40","modified_gmt":"2026-04-05T16:22:40","slug":"acte-interconviccional-i-interreligios-per-homenatjar-les-victimes-dels-atemptats-de-barcelona-i-cambrils","status":"publish","type":"post","link":"https:\/\/eec.cat\/blog\/acte-interconviccional-i-interreligios-per-homenatjar-les-victimes-dels-atemptats-de-barcelona-i-cambrils\/","title":{"rendered":"Acte interconviccional i interreligi\u00f3s per homenatjar les v\u00edctimes dels atemptats de Barcelona i Cambrils"},"content":{"rendered":"<p><strong>No tenim por!<\/strong> Aquest ha estat el lema que la ciutadana de Barcelona ha interioritzat arran dels actes sinistres de les Rambles. Les Drassanes de Barcelona van acollir la tarda del dijous 24 d\u2019agost l\u2019acte d\u2019homenatge a les v\u00edctimes dels atemptats de Barcelona i de Cambrils. Precisament a les Drassanes, on durant segles es van fabricar vaixells de guerra, la ciutadania de Barcelona ha fet un magn\u00edfic gest en favor de la pau i de la conviv\u00e8ncia.<\/p>\n<p><img loading=\"lazy\" decoding=\"async\" class=\"alignleft size-medium wp-image-1882\" src=\"http:\/\/eec.cat\/blog\/wp-content\/uploads\/2017\/08\/IMG_2906-300x225.jpg\" alt=\"\" width=\"300\" height=\"225\" srcset=\"https:\/\/eec.cat\/blog\/wp-content\/uploads\/2017\/08\/IMG_2906-300x225.jpg 300w, https:\/\/eec.cat\/blog\/wp-content\/uploads\/2017\/08\/IMG_2906-768x576.jpg 768w, https:\/\/eec.cat\/blog\/wp-content\/uploads\/2017\/08\/IMG_2906.jpg 1000w\" sizes=\"auto, (max-width: 300px) 100vw, 300px\" \/>Ben aviat la gran sala Marqu\u00e8s de Comillas estava plena. Plena de gent de totes les conviccions, religioses i atees, moguda pel record a les v\u00edctimes de la trag\u00e8dia. Gent de totes les confessions, unida, demostrat que Barcelona \u00e9s una ciutat multicultural, oberta, diversa i acollidora.<\/p>\n<p>L\u2019emotiu \u201cCant del ocells\u201d va donar inici a l\u2019acte, per despr\u00e9s donar pas a les intervencions. Barcelona es mereix el record a les v\u00edctimes des de la pluralitat de creences que conformen la ciutat, des de la diversitat de nacionalitats que hi habiten. <strong>Perqu\u00e8 el reconeixement de la difer\u00e8ncia \u00e9s l\u2019element clau de la unitat contra el terror, en favor de la pau<\/strong>.<\/p>\n<p>En favor de la pau i de la toler\u00e0ncia religiosa es van llegir alguns articles de la Declaraci\u00f3 Universal dels Drets Humans. Tamb\u00e9 va ser el moment de sentir textos sagrats: el passatge de la primera carta de Pau als Corintis 13 i la seva oda a la for\u00e7a de l\u2019amor; la sura de l\u2019Alcor\u00e0 que recorda que qui mata alg\u00fa \u00e9s com qui mat\u00e9s tota la Humanitat i qui en salva un, la salva tota; els textos budistes sobre la pau i el passatge de la Tor\u00e0 relatiu a l\u2019apoderament dels pobres i dels estrangers (Lev\u00edtic 20-26), van sonar un\u00e0nimes contra la por, l\u2019odi i el terror.<\/p>\n<p><img loading=\"lazy\" decoding=\"async\" class=\"alignleft size-medium wp-image-1881\" src=\"http:\/\/eec.cat\/blog\/wp-content\/uploads\/2017\/08\/IMG_2904-300x225.jpg\" alt=\"\" width=\"300\" height=\"225\" srcset=\"https:\/\/eec.cat\/blog\/wp-content\/uploads\/2017\/08\/IMG_2904-300x225.jpg 300w, https:\/\/eec.cat\/blog\/wp-content\/uploads\/2017\/08\/IMG_2904-768x576.jpg 768w, https:\/\/eec.cat\/blog\/wp-content\/uploads\/2017\/08\/IMG_2904-1024x768.jpg 1024w\" sizes=\"auto, (max-width: 300px) 100vw, 300px\" \/><\/p>\n<p>El moment culminant va arribar de part dels joves, que de diferents creences i conviccions de Barcelona van anar portant les flors que conformarien un ram final que durien com a ofrena al mosaic de Joan Mir\u00f3. Els joves, s\u00edmbol del present i del futur de la ciutat, van manifestar amb la seva participaci\u00f3 la ciutat que volem tots: una ciutat que cerca la pau, que participa de la conviv\u00e8ncia, que pateix en la diversitat, que estima en la diversitat, que lluita en la diversitat. Una diversitat en forma de ram de flors, que mira el cel i l\u2019horitz\u00f3 amb incertesa per\u00f2 amb determinaci\u00f3 en favor del di\u00e0leg i de l\u2019entesa.<\/p>\n<p>Entre les parets d\u2019aquell edifici moltes vegades van sonar els cops de martell, per\u00f2 aquella tarda els murs de les Drassanes van sentir en diferents moments els ensordidors aplaudiments de la ciutat de Barcelona. El m\u00e9s emotiu va ser sens dubte el que es va produir despr\u00e9s d\u2019enllestir el ram de flors i el seu trasllat a les Rambles. Uns joves van enfosquir aquella tr\u00e0gica tarda a les Rambles, i uns joves portarien el record de tots en favor de la pau al lloc del sinistre.<\/p>\n<p><img loading=\"lazy\" decoding=\"async\" class=\"size-large wp-image-1884 aligncenter\" src=\"http:\/\/eec.cat\/blog\/wp-content\/uploads\/2017\/08\/jovent-1024x768.jpg\" alt=\"\" width=\"640\" height=\"480\" srcset=\"https:\/\/eec.cat\/blog\/wp-content\/uploads\/2017\/08\/jovent-1024x768.jpg 1024w, https:\/\/eec.cat\/blog\/wp-content\/uploads\/2017\/08\/jovent-300x225.jpg 300w, https:\/\/eec.cat\/blog\/wp-content\/uploads\/2017\/08\/jovent-768x576.jpg 768w, https:\/\/eec.cat\/blog\/wp-content\/uploads\/2017\/08\/jovent.jpg 2048w\" sizes=\"auto, (max-width: 640px) 100vw, 640px\" \/><\/p>\n<p>&nbsp;<\/p>\n<p>Barcelona i les seves Rambles, aquelles de les que Garc\u00eda Lorca va dir que eren riques en sons i on convivien les quatre estacions de l\u2019any a la vegada, van ser el testimoni de la barb\u00e0rie. Per\u00f2 <strong>la tarda del 24 d\u2019agost es va demostrar que es poden conjugar les conviccions religioses i la lluita contra la intoler\u00e0ncia<\/strong>. Tenim una tasca important per endavant, construir la societat del futur des de la fraternitat, deixant una ciutat i un m\u00f3n millor.<\/p>\n<p>&nbsp;<\/p>\n<p style=\"text-align: right;\"><strong>Isaac Garc\u00eda-Oses<br \/>\n<\/strong>Secretari de l\u2019EEC<\/p>\n","protected":false},"excerpt":{"rendered":"<p>No tenim por! Aquest ha estat el lema que la ciutadana de Barcelona ha interioritzat arran dels actes sinistres de les Rambles. Les Drassanes de Barcelona van acollir la tarda del dijous 24 d\u2019agost l\u2019acte d\u2019homenatge a les v\u00edctimes dels atemptats de Barcelona i de Cambrils. Precisament a les Drassanes, on durant segles es van [&hellip;]<\/p>\n","protected":false},"author":1,"featured_media":1883,"comment_status":"closed","ping_status":"open","sticky":false,"template":"","format":"standard","meta":{"_jetpack_memberships_contains_paid_content":false,"footnotes":""},"categories":[6,4],"tags":[],"class_list":["post-1880","post","type-post","status-publish","format-standard","has-post-thumbnail","hentry","category-reflexions","category-noticies"],"jetpack_sharing_enabled":true,"jetpack_featured_media_url":"https:\/\/eec.cat\/blog\/wp-content\/uploads\/2017\/08\/No-tinc-por.jpg","_links":{"self":[{"href":"https:\/\/eec.cat\/blog\/wp-json\/wp\/v2\/posts\/1880","targetHints":{"allow":["GET"]}}],"collection":[{"href":"https:\/\/eec.cat\/blog\/wp-json\/wp\/v2\/posts"}],"about":[{"href":"https:\/\/eec.cat\/blog\/wp-json\/wp\/v2\/types\/post"}],"author":[{"embeddable":true,"href":"https:\/\/eec.cat\/blog\/wp-json\/wp\/v2\/users\/1"}],"replies":[{"embeddable":true,"href":"https:\/\/eec.cat\/blog\/wp-json\/wp\/v2\/comments?post=1880"}],"version-history":[{"count":1,"href":"https:\/\/eec.cat\/blog\/wp-json\/wp\/v2\/posts\/1880\/revisions"}],"predecessor-version":[{"id":2661,"href":"https:\/\/eec.cat\/blog\/wp-json\/wp\/v2\/posts\/1880\/revisions\/2661"}],"wp:featuredmedia":[{"embeddable":true,"href":"https:\/\/eec.cat\/blog\/wp-json\/wp\/v2\/media\/1883"}],"wp:attachment":[{"href":"https:\/\/eec.cat\/blog\/wp-json\/wp\/v2\/media?parent=1880"}],"wp:term":[{"taxonomy":"category","embeddable":true,"href":"https:\/\/eec.cat\/blog\/wp-json\/wp\/v2\/categories?post=1880"},{"taxonomy":"post_tag","embeddable":true,"href":"https:\/\/eec.cat\/blog\/wp-json\/wp\/v2\/tags?post=1880"}],"curies":[{"name":"wp","href":"https:\/\/api.w.org\/{rel}","templated":true}]}}