{"id":1876,"date":"2017-08-17T19:52:25","date_gmt":"2017-08-17T19:52:25","guid":{"rendered":"http:\/\/eec.cat\/blog\/?p=1876"},"modified":"2017-08-17T19:53:39","modified_gmt":"2017-08-17T19:53:39","slug":"atemptat-terrorista-a-barcelona-comunicat-de-lesglesia-evangelica-de-catalunya-iee","status":"publish","type":"post","link":"https:\/\/eec.cat\/blog\/atemptat-terrorista-a-barcelona-comunicat-de-lesglesia-evangelica-de-catalunya-iee\/","title":{"rendered":"Atemptat terrorista a Barcelona. Comunicat de l\u2019Esgl\u00e9sia Evang\u00e8lica de Catalunya &#8211; IEE"},"content":{"rendered":"<p class=\"p1\">La ciutat de Barcelona ha estat sacsejada per la barb\u00e0rie terrorista. La que podia ser una tarda tranquil\u00b7la i plaent del mes d\u2019agost quedar\u00e0 marcada en les nostres ments com una tarda tr\u00e0gica per a la nostra ciutat.<\/p>\n<p class=\"p1\">Per mitj\u00e0 d\u2019aquesta nota l\u2019Esgl\u00e9sia Evang\u00e8lica de Catalunya (EEC-IEE) expressa la seva condemna a l\u2019ataca terrorista i <a href=\"http:\/\/www.iee-es.org\/blog\/blog\/declaracion-iee-ante-atentado-17-agosto-2017-barcelona\/\" target=\"_blank\" rel=\"noopener\">s\u2019afegeix a les mostres de condemna de la Iglesia Evang\u00e9lica Espa\u00f1ola<\/a> (IEE). Condemnem tota mostra de radicalisme que duu a terme barb\u00e0ries com la d\u2019aquesta tarda en nom de D\u00e9u. La nostra convicci\u00f3 \u00e9s la que l\u2019odi de l\u2019\u00e9sser hum\u00e0 mai construir\u00e0 la just\u00edcia de D\u00e9u. Per aix\u00f2, compromesos amb la pau, cerquem una societat segons el model de D\u00e9u, m\u00e9s humana i fraterna, on els \u00e9ssers humans no seran moguts mai m\u00e9s per la viol\u00e8ncia o per la guerra.<\/p>\n<p class=\"p1\">L\u2019Esgl\u00e9sia Evang\u00e8lica de Catalunya (EEC-IEE) es lamenta per les v\u00edctimes, pels ferits i per les seves fam\u00edlies. Per aix\u00f2, mostrem la nostra solidaritat amb la ciutadania de Barcelona fent nostres les paraules de l\u2019Ap\u00f2stol Pau, qui ens recorda que D\u00e9u \u201cens conforta en totes les nostres adversitats, perqu\u00e8 nosaltres mateixos, gr\u00e0cies al consol que rebem de D\u00e9u, sapiguem confortar els qui passen alguna pena\u201d (2 Co 1,4). Per aix\u00f2 s\u2019insta a les comunitats que conformen l\u2019Esgl\u00e9sia Evang\u00e8lica de Catalunya (EEC-IEE), juntament amb la resta de cristians de la ciutat, a aixecar als seus serveis dominicals preg\u00e0ries a D\u00e9u per les fam\u00edlies i amics de les v\u00edctimes, com tamb\u00e9 per la nostra ciutat, dram\u00e0ticament convulsa per la viol\u00e8ncia.<\/p>\n<p class=\"p3\">Barcelona, 17 d\u2019agost de 2017<\/p>\n","protected":false},"excerpt":{"rendered":"<p>La ciutat de Barcelona ha estat sacsejada per la barb\u00e0rie terrorista. La que podia ser una tarda tranquil\u00b7la i plaent del mes d\u2019agost quedar\u00e0 marcada en les nostres ments com una tarda tr\u00e0gica per a la nostra ciutat. Per mitj\u00e0 d\u2019aquesta nota l\u2019Esgl\u00e9sia Evang\u00e8lica de Catalunya (EEC-IEE) expressa la seva condemna a l\u2019ataca terrorista i [&hellip;]<\/p>\n","protected":false},"author":1,"featured_media":1877,"comment_status":"open","ping_status":"open","sticky":false,"template":"","format":"standard","meta":{"_jetpack_memberships_contains_paid_content":false,"footnotes":""},"categories":[42],"tags":[113],"class_list":["post-1876","post","type-post","status-publish","format-standard","has-post-thumbnail","hentry","category-declaracions","tag-atemptat-terrorista-a-barcelona"],"jetpack_sharing_enabled":true,"jetpack_featured_media_url":"https:\/\/eec.cat\/blog\/wp-content\/uploads\/2017\/08\/pregaria.jpg","_links":{"self":[{"href":"https:\/\/eec.cat\/blog\/wp-json\/wp\/v2\/posts\/1876","targetHints":{"allow":["GET"]}}],"collection":[{"href":"https:\/\/eec.cat\/blog\/wp-json\/wp\/v2\/posts"}],"about":[{"href":"https:\/\/eec.cat\/blog\/wp-json\/wp\/v2\/types\/post"}],"author":[{"embeddable":true,"href":"https:\/\/eec.cat\/blog\/wp-json\/wp\/v2\/users\/1"}],"replies":[{"embeddable":true,"href":"https:\/\/eec.cat\/blog\/wp-json\/wp\/v2\/comments?post=1876"}],"version-history":[{"count":0,"href":"https:\/\/eec.cat\/blog\/wp-json\/wp\/v2\/posts\/1876\/revisions"}],"wp:featuredmedia":[{"embeddable":true,"href":"https:\/\/eec.cat\/blog\/wp-json\/wp\/v2\/media\/1877"}],"wp:attachment":[{"href":"https:\/\/eec.cat\/blog\/wp-json\/wp\/v2\/media?parent=1876"}],"wp:term":[{"taxonomy":"category","embeddable":true,"href":"https:\/\/eec.cat\/blog\/wp-json\/wp\/v2\/categories?post=1876"},{"taxonomy":"post_tag","embeddable":true,"href":"https:\/\/eec.cat\/blog\/wp-json\/wp\/v2\/tags?post=1876"}],"curies":[{"name":"wp","href":"https:\/\/api.w.org\/{rel}","templated":true}]}}