{"id":1870,"date":"2017-07-26T08:18:28","date_gmt":"2017-07-26T08:18:28","guid":{"rendered":"http:\/\/eec.cat\/blog\/?p=1870"},"modified":"2017-07-26T08:26:36","modified_gmt":"2017-07-26T08:26:36","slug":"presentacio-del-llibre-la-memoria-robada","status":"publish","type":"post","link":"https:\/\/eec.cat\/blog\/presentacio-del-llibre-la-memoria-robada\/","title":{"rendered":"Presentaci\u00f3 del llibre &#8220;La memoria robada&#8221;"},"content":{"rendered":"<p>Aquest dissabte 29 de juliol, a les 18 h, l\u2019Andreu Rodr\u00edguez \u2013fill del pastor Sebastian Rodr\u00edguez\u2013 presentar\u00e0 al Auditori de la biblioteca Jaume Fuster a la Pla\u00e7a Lesseps de Barcelona, la seva \u00faltima novel\u00b7la \u201cLa memoria robada\u201d, la desconeguda hist\u00f2ria de intoler\u00e0ncia i persecuci\u00f3 als protestants durant la Guerra Civil i la dictadura.<\/p>\n<p>A la presentaci\u00f3 intervindran: D. Pere Zamora, Deg\u00e0 de la nostra facultat de teologia SEUT, el bisbe de la IERE D. Carlos L\u00f3pez i el pastor de la IEE-EEC i professor de la facultat SEUT, D. Joan Medrano.<\/p>\n<p><img loading=\"lazy\" decoding=\"async\" class=\"alignleft size-full wp-image-1872\" src=\"http:\/\/eec.cat\/blog\/wp-content\/uploads\/2017\/07\/memoria2.jpg\" alt=\"\" width=\"812\" height=\"540\" srcset=\"https:\/\/eec.cat\/blog\/wp-content\/uploads\/2017\/07\/memoria2.jpg 812w, https:\/\/eec.cat\/blog\/wp-content\/uploads\/2017\/07\/memoria2-300x200.jpg 300w, https:\/\/eec.cat\/blog\/wp-content\/uploads\/2017\/07\/memoria2-768x511.jpg 768w\" sizes=\"auto, (max-width: 812px) 100vw, 812px\" \/><\/p>\n","protected":false},"excerpt":{"rendered":"<p>Aquest dissabte 29 de juliol, a les 18 h, l\u2019Andreu Rodr\u00edguez \u2013fill del pastor Sebastian Rodr\u00edguez\u2013 presentar\u00e0 al Auditori de la biblioteca Jaume Fuster a la Pla\u00e7a Lesseps de Barcelona, la seva \u00faltima novel\u00b7la \u201cLa memoria robada\u201d, la desconeguda hist\u00f2ria de intoler\u00e0ncia i persecuci\u00f3 als protestants durant la Guerra Civil i la dictadura. A la [&hellip;]<\/p>\n","protected":false},"author":1,"featured_media":1871,"comment_status":"open","ping_status":"open","sticky":false,"template":"","format":"standard","meta":{"_jetpack_memberships_contains_paid_content":false,"footnotes":""},"categories":[5,4],"tags":[],"class_list":["post-1870","post","type-post","status-publish","format-standard","has-post-thumbnail","hentry","category-activitats","category-noticies"],"jetpack_sharing_enabled":true,"jetpack_featured_media_url":"https:\/\/eec.cat\/blog\/wp-content\/uploads\/2017\/07\/memoria.jpg","_links":{"self":[{"href":"https:\/\/eec.cat\/blog\/wp-json\/wp\/v2\/posts\/1870","targetHints":{"allow":["GET"]}}],"collection":[{"href":"https:\/\/eec.cat\/blog\/wp-json\/wp\/v2\/posts"}],"about":[{"href":"https:\/\/eec.cat\/blog\/wp-json\/wp\/v2\/types\/post"}],"author":[{"embeddable":true,"href":"https:\/\/eec.cat\/blog\/wp-json\/wp\/v2\/users\/1"}],"replies":[{"embeddable":true,"href":"https:\/\/eec.cat\/blog\/wp-json\/wp\/v2\/comments?post=1870"}],"version-history":[{"count":0,"href":"https:\/\/eec.cat\/blog\/wp-json\/wp\/v2\/posts\/1870\/revisions"}],"wp:featuredmedia":[{"embeddable":true,"href":"https:\/\/eec.cat\/blog\/wp-json\/wp\/v2\/media\/1871"}],"wp:attachment":[{"href":"https:\/\/eec.cat\/blog\/wp-json\/wp\/v2\/media?parent=1870"}],"wp:term":[{"taxonomy":"category","embeddable":true,"href":"https:\/\/eec.cat\/blog\/wp-json\/wp\/v2\/categories?post=1870"},{"taxonomy":"post_tag","embeddable":true,"href":"https:\/\/eec.cat\/blog\/wp-json\/wp\/v2\/tags?post=1870"}],"curies":[{"name":"wp","href":"https:\/\/api.w.org\/{rel}","templated":true}]}}