{"id":1842,"date":"2017-04-04T06:12:18","date_gmt":"2017-04-04T06:12:18","guid":{"rendered":"http:\/\/eec.cat\/blog\/?p=1842"},"modified":"2017-04-04T06:12:18","modified_gmt":"2017-04-04T06:12:18","slug":"el-mensaje-de-lutero-para-su-tiempo-y-para-el-s-xxi","status":"publish","type":"post","link":"https:\/\/eec.cat\/blog\/el-mensaje-de-lutero-para-su-tiempo-y-para-el-s-xxi\/","title":{"rendered":"El mensaje de Lutero para su tiempo y para el s. XXI"},"content":{"rendered":"<p>Amb motiu del 500\u00e8 aniversari de la Reforma Protestant, dissabte 29 d&#8217;abril a les 10h, al temple de l&#8217;Esgl\u00e9sia Protestant Betel+Sant Pau, del carrer Arag\u00f3 51 de Barcelona, tindrem el plaer d&#8217;escoltar al Dr. Paolo Ricca, amb la confer\u00e8ncia &#8220;El mensaje de Lutero para su tiempo y para el s. XXI&#8221;<\/p>\n<p>El Dr. Paolo Ricca, ordenat pastor de l&#8217;Esgl\u00e9sia Valdense el 1962. Va rebre el seu doctorat en teologia a Basilea amb una tesi dirigida per Oscar Cullmann en <i>Escatologia del quart Evangeli.<\/i>\u00a0I va ser profesor de\u00a0Hist\u00f2ria de l&#8217;Esgl\u00e9sia a la Facultat Valdense de Teologia fins l&#8217;any 2002. Durant 15 anys ha sigut membre de la Comissi\u00f3 <i>de Fe i Constituci\u00f3<\/i> del Consell Mundial d&#8217;Esgl\u00e9sies a Ginebra.<\/p>\n<p>&nbsp;<\/p>\n<p><img loading=\"lazy\" decoding=\"async\" class=\"alignleft size-full wp-image-1843\" src=\"http:\/\/eec.cat\/blog\/wp-content\/uploads\/2017\/04\/paolo.jpg\" alt=\"\" width=\"800\" height=\"800\" srcset=\"https:\/\/eec.cat\/blog\/wp-content\/uploads\/2017\/04\/paolo.jpg 800w, https:\/\/eec.cat\/blog\/wp-content\/uploads\/2017\/04\/paolo-150x150.jpg 150w, https:\/\/eec.cat\/blog\/wp-content\/uploads\/2017\/04\/paolo-300x300.jpg 300w, https:\/\/eec.cat\/blog\/wp-content\/uploads\/2017\/04\/paolo-768x768.jpg 768w\" sizes=\"auto, (max-width: 800px) 100vw, 800px\" \/><\/p>\n","protected":false},"excerpt":{"rendered":"<p>Amb motiu del 500\u00e8 aniversari de la Reforma Protestant, dissabte 29 d&#8217;abril a les 10h, al temple de l&#8217;Esgl\u00e9sia Protestant Betel+Sant Pau, del carrer Arag\u00f3 51 de Barcelona, tindrem el plaer d&#8217;escoltar al Dr. Paolo Ricca, amb la confer\u00e8ncia &#8220;El mensaje de Lutero para su tiempo y para el s. XXI&#8221; El Dr. Paolo Ricca, [&hellip;]<\/p>\n","protected":false},"author":1,"featured_media":1843,"comment_status":"open","ping_status":"open","sticky":false,"template":"","format":"standard","meta":{"_jetpack_memberships_contains_paid_content":false,"footnotes":""},"categories":[5,4],"tags":[],"class_list":["post-1842","post","type-post","status-publish","format-standard","has-post-thumbnail","hentry","category-activitats","category-noticies"],"jetpack_sharing_enabled":true,"jetpack_featured_media_url":"https:\/\/eec.cat\/blog\/wp-content\/uploads\/2017\/04\/paolo.jpg","_links":{"self":[{"href":"https:\/\/eec.cat\/blog\/wp-json\/wp\/v2\/posts\/1842","targetHints":{"allow":["GET"]}}],"collection":[{"href":"https:\/\/eec.cat\/blog\/wp-json\/wp\/v2\/posts"}],"about":[{"href":"https:\/\/eec.cat\/blog\/wp-json\/wp\/v2\/types\/post"}],"author":[{"embeddable":true,"href":"https:\/\/eec.cat\/blog\/wp-json\/wp\/v2\/users\/1"}],"replies":[{"embeddable":true,"href":"https:\/\/eec.cat\/blog\/wp-json\/wp\/v2\/comments?post=1842"}],"version-history":[{"count":0,"href":"https:\/\/eec.cat\/blog\/wp-json\/wp\/v2\/posts\/1842\/revisions"}],"wp:featuredmedia":[{"embeddable":true,"href":"https:\/\/eec.cat\/blog\/wp-json\/wp\/v2\/media\/1843"}],"wp:attachment":[{"href":"https:\/\/eec.cat\/blog\/wp-json\/wp\/v2\/media?parent=1842"}],"wp:term":[{"taxonomy":"category","embeddable":true,"href":"https:\/\/eec.cat\/blog\/wp-json\/wp\/v2\/categories?post=1842"},{"taxonomy":"post_tag","embeddable":true,"href":"https:\/\/eec.cat\/blog\/wp-json\/wp\/v2\/tags?post=1842"}],"curies":[{"name":"wp","href":"https:\/\/api.w.org\/{rel}","templated":true}]}}