{"id":1724,"date":"2016-12-12T15:55:29","date_gmt":"2016-12-12T15:55:29","guid":{"rendered":"http:\/\/eec.cat\/blog\/?p=1724"},"modified":"2017-03-21T12:53:40","modified_gmt":"2017-03-21T12:53:40","slug":"missatge-nadal-president-comissio-permanent-liee","status":"publish","type":"post","link":"https:\/\/eec.cat\/blog\/missatge-nadal-president-comissio-permanent-liee\/","title":{"rendered":"Missatge de Nadal del President de la Comissi\u00f3 Permanent de l&#8217;IEE"},"content":{"rendered":"<p>&#8220;<em>El dret es va retir\u00e0, i la just\u00edcia era lluny, perqu\u00e8 la veritat va ensopegar a la pla\u00e7a i l&#8217; equitat no va poder arribar<\/em>&#8221; Isa\u00efes 59:14, (tradu\u00eft de RV95)<\/p>\n<figure id=\"attachment_929\" aria-describedby=\"caption-attachment-929\" style=\"width: 200px\" class=\"wp-caption alignleft\"><img loading=\"lazy\" decoding=\"async\" class=\"wp-image-929 size-full\" src=\"http:\/\/eec.cat\/blog\/wp-content\/uploads\/2014\/12\/joel-cort\u00e9s.jpg\" alt=\"\" width=\"200\" height=\"248\" \/><figcaption id=\"caption-attachment-929\" class=\"wp-caption-text\">Joel Cort\u00e8s i Casals, President de la Comissi\u00f3 Permanent de la IEE<\/figcaption><\/figure>\n<p>El text, d&#8217;entrada, sembla que no respon al que hom espera de l&#8217;encap\u00e7alament d&#8217;un \u201cmissatge de Nadal\u201d, m\u00e9s aviat tot el contrari, ja que l&#8217;anunci de l&#8217;arribada del Messies \u00e9s, essencialment, una bona nova, la promesa de llum i salvaci\u00f3 per al m\u00f3n.<\/p>\n<p>Per\u00f2 s\u00ed, el text \u00e9s d&#8217;all\u00f2 m\u00e9s escaient ja que descriu, en molt poques paraules, la crua realitat en qu\u00e8 viuen milions de persones. Un any m\u00e9s viurem la contradicci\u00f3 de rebre l&#8217;alegria i el goig de la promesa d&#8217;un m\u00f3n nou i comprovar que la hist\u00f2ria que avui escrivim els \u00e9ssers humans no deixa espai per a cap celebraci\u00f3.<\/p>\n<p>Els drets de tot tipus s\u00f3n negats, la just\u00edcia la percebem com alguna cosa molt llunyana, la veritat \u00e9s tergiversada i la manca d&#8217;equitat anuncia un m\u00f3n sense futur. Tots aquests elements s\u00f3n els que expliquen la situaci\u00f3 dels refugiats, l&#8217;augment de la pobresa, el creixement de la riquesa en poques mans, la viol\u00e8ncia de mort que no t\u00e9 fi.<\/p>\n<p>Com es pot celebrar avui alguna cosa que respongui a un sentit evang\u00e8lic?<\/p>\n<p>Nom\u00e9s podem respondre a aquesta pregunta amb un viatge al nostre m\u00f3n interior, tant de car\u00e0cter individual com de car\u00e0cter comunitari. Un viatge que ens predisposi a afrontar el repte de canviar aquesta dura realitat, a lluitar fins al darrer al\u00e8 que el Senyor ens doni.<\/p>\n<p>No hi ha avui cap altre desafiament per a les esgl\u00e9sies, deixar de costat debats est\u00e8rils sobre la defensa de les ess\u00e8ncies i pureses doctrinals i al\u00e7ar els ulls i cercar Jes\u00fas en la infinitat dels exclosos d&#8217;aquest m\u00f3n. Serem capa\u00e7os de respondre a aquest repte?<\/p>\n<p>L&#8217;any que comen\u00e7arem d&#8217;aqu\u00ed a poques setmanes, ser\u00e0 un any molt especial: celebrarem els 500 Anys de la Reforma. Aquest aniversari \u00e9s, sobretot, una. oportunitat excel\u00b7lent per a reformar, tamb\u00e9, avui, els nostres camins. \u00c9s en aquest sentit que el lema que presidir\u00e0 el nostre pr\u00f2xim S\u00ednode ser\u00e0: \u201cEcclesia Semper est Reformanda.\u201d Es tracta de revisar en profunditat la nostra missi\u00f3 com a Esgl\u00e9sia en el m\u00f3n, de preguntar-nos si les nostres conviccions i la nostra praxi responen al crit de Pau i Salvaci\u00f3 anunciat en aquell primer Nadal als pastors.<\/p>\n<p>Ens trobem davant una tasca ingent que requerir\u00e0 una mirada cr\u00edtica permanent sobre la nostra reflexi\u00f3 i acci\u00f3, un deixar fluir l&#8217;Esperit dins els nostres cors per tal d&#8217;il\u00b7luminar el m\u00f3n que sovint pretenem amagar per no pertorbar la nostra \u201cpau\u201d, buscar el dret i la just\u00edcia del Regne de D\u00e9u sobre totes les coses per tal que les nostres futures celebracions siguin de veritat i no tinguin lloc a les places buides<\/p>\n<p>Tenim l&#8217;Emmanuel, \u201cD\u00e9u amb nosaltres\u201d. Afirmar la Fe i l&#8217;Esperan\u00e7a en Ell \u00e9s l&#8217;\u00fanic que ens cal per a respondre a la vocaci\u00f3 a qu\u00e8 hem estat cridats.<\/p>\n<p>El Senyor diu encara:\u201d Aquesta ser\u00e0 la meva alian\u00e7a amb ells: El meu esperit que reposa damunt vostre i les paraules que us he posat als llavis no s&#8217;allunyaran mai de vosaltres, ni dels vostres descendents, ni dels seus fills, des d&#8217;ara i per sempre. Ho dic jo, el Senyor\u201d Isa\u00efes 59:21<\/p>\n<p><em>Joel Cort\u00e9s i Casals, President de la Comissi\u00f3 Permanent de l&#8217;Esgl\u00e9sia Evang\u00e8lica Espanyola<\/em><\/p>\n","protected":false},"excerpt":{"rendered":"<p>&#8220;El dret es va retir\u00e0, i la just\u00edcia era lluny, perqu\u00e8 la veritat va ensopegar a la pla\u00e7a i l&#8217; equitat no va poder arribar&#8221; Isa\u00efes 59:14, (tradu\u00eft de RV95) El text, d&#8217;entrada, sembla que no respon al que hom espera de l&#8217;encap\u00e7alament d&#8217;un \u201cmissatge de Nadal\u201d, m\u00e9s aviat tot el contrari, ja que l&#8217;anunci [&hellip;]<\/p>\n","protected":false},"author":1,"featured_media":929,"comment_status":"open","ping_status":"open","sticky":false,"template":"","format":"standard","meta":{"_jetpack_memberships_contains_paid_content":false,"footnotes":""},"categories":[6,1],"tags":[90,110,111],"class_list":["post-1724","post","type-post","status-publish","format-standard","has-post-thumbnail","hentry","category-reflexions","category-general","tag-joel-cortes","tag-missatge-de-nadal","tag-nada-2016"],"jetpack_sharing_enabled":true,"jetpack_featured_media_url":"https:\/\/eec.cat\/blog\/wp-content\/uploads\/2014\/12\/joel-cort\u00e9s.jpg","_links":{"self":[{"href":"https:\/\/eec.cat\/blog\/wp-json\/wp\/v2\/posts\/1724","targetHints":{"allow":["GET"]}}],"collection":[{"href":"https:\/\/eec.cat\/blog\/wp-json\/wp\/v2\/posts"}],"about":[{"href":"https:\/\/eec.cat\/blog\/wp-json\/wp\/v2\/types\/post"}],"author":[{"embeddable":true,"href":"https:\/\/eec.cat\/blog\/wp-json\/wp\/v2\/users\/1"}],"replies":[{"embeddable":true,"href":"https:\/\/eec.cat\/blog\/wp-json\/wp\/v2\/comments?post=1724"}],"version-history":[{"count":0,"href":"https:\/\/eec.cat\/blog\/wp-json\/wp\/v2\/posts\/1724\/revisions"}],"wp:featuredmedia":[{"embeddable":true,"href":"https:\/\/eec.cat\/blog\/wp-json\/wp\/v2\/media\/929"}],"wp:attachment":[{"href":"https:\/\/eec.cat\/blog\/wp-json\/wp\/v2\/media?parent=1724"}],"wp:term":[{"taxonomy":"category","embeddable":true,"href":"https:\/\/eec.cat\/blog\/wp-json\/wp\/v2\/categories?post=1724"},{"taxonomy":"post_tag","embeddable":true,"href":"https:\/\/eec.cat\/blog\/wp-json\/wp\/v2\/tags?post=1724"}],"curies":[{"name":"wp","href":"https:\/\/api.w.org\/{rel}","templated":true}]}}