{"id":1636,"date":"2016-03-27T19:35:58","date_gmt":"2016-03-27T19:35:58","guid":{"rendered":"http:\/\/eec.cat\/blog\/?p=1636"},"modified":"2026-04-05T18:41:54","modified_gmt":"2026-04-05T17:41:54","slug":"dia-a-dia-28-de-marc-1-dabril-2016","status":"publish","type":"post","link":"https:\/\/eec.cat\/blog\/dia-a-dia-28-de-marc-1-dabril-2016\/","title":{"rendered":"Dia a Dia. 28 de mar\u00e7 &#8211; 1 d\u00b4abril"},"content":{"rendered":"<p><strong><span style=\"text-decoration: underline;\"><span style=\"color: #0000ff; text-decoration: underline;\"><img loading=\"lazy\" decoding=\"async\" class=\"alignleft size-thumbnail wp-image-1637\" src=\"http:\/\/eec.cat\/blog\/wp-content\/uploads\/2016\/03\/campoverde-150x150.jpg\" alt=\"campoverde\" width=\"150\" height=\"150\" \/>28 de mar\u00e7 Jeremies 20, 10-13<\/span><\/span><\/strong><\/p>\n<p>En la nostra reflexi\u00f3 d\u2019ahir reflexion\u00e0vem sobre les dificultats i problemes que vivim en el dia dia. En el nostre text d\u2019avui Jeremies comparteix la seva experi\u00e8ncia de sentir-se criticat i perseguit pels seus amics. En aquestes circumst\u00e0ncies, la solitud es fa m\u00e9s dura i real, sembla que ja no es pot confiar en ning\u00fa. Per\u00f2, el profeta ens recorda que aquesta aparen\u00e7a no \u00e9s real. D\u00e9u est\u00e0 al nostre costat protegint-nos i guardant-nos de tot mal. Gr\u00e0cies a D\u00e9u per el seu esguard!<\/p>\n<p><strong><span style=\"text-decoration: underline;\"><span style=\"color: #0000ff; text-decoration: underline;\">29 de mar\u00e7 1 Reis 8, 56-60<\/span><\/span><\/strong><\/p>\n<p>La pau de la qual ens parla el text \u00e9s el shalom de D\u00e9u, que fa refer\u00e8ncia a la relaci\u00f3 d\u2019harmonia i felicitat que s\u2019estableix quan els homes i les dones restableixen la seva relaci\u00f3 amb D\u00e9u. El text ens convida a seguir els manaments i a escoltar la veu de D\u00e9u de dia i de nit. Necessitem disposar de temps per estar a prop del nostre D\u00e9u. Potser faci falta ordenar les nostres prioritats en la vida per donar el primer lloc al Senyor.<\/p>\n<p><strong><span style=\"text-decoration: underline;\"><span style=\"color: #0000ff; text-decoration: underline;\">30 de mar\u00e7 Lluc 9, 18-21<\/span><\/span><\/strong><\/p>\n<p>D\u2019alguna manera, en un moment o en un altre, tots som confrontats amb Crist. Ell arriba a la nostra vida i sempre ho fa amb una exig\u00e8ncia: la conversi\u00f3 als valors del Regne de D\u00e9u. Aquesta trobada amb Crist pot tenir diferents respostes. De fet, la gent, aleshores i ara, les d\u00f3na. Per\u00f2 nom\u00e9s n\u2019hi ha una de v\u00e0lida, la de Pere: \u201cTu ets el Messies de D\u00e9u\u201d. No tothom pot donar-la. Cal haver viscut amb Crist, compartit la seva vida i escoltat la seva paraula.<\/p>\n<p><strong><span style=\"text-decoration: underline;\"><span style=\"color: #0000ff; text-decoration: underline;\">31 de mar\u00e7 Deuteronomi 6, 4-9<\/span><\/span><\/strong><\/p>\n<p>Aquesta \u00e9s la professi\u00f3 de fe que els israelites reciten a l\u2019hora de la preg\u00e0ria. Reuneix els elements essencials de la pr\u00e0ctica religiosa: el reconeixement de D\u00e9u, com el que \u00e9s m\u00e9s important a la vida, i l\u2019amor a D\u00e9u que ha d\u2019impregnar tota l\u2019exist\u00e8ncia del creient. Per\u00f2 a aquests dos elements Jes\u00fas n\u2019hi va afegir un altre: estimar\u00e0s el teu pro\u00efsme com a tu mateix.<\/p>\n<p><strong><span style=\"text-decoration: underline;\"><span style=\"color: #0000ff; text-decoration: underline;\">1 d\u2019abril Hebreus 4, 7-11<\/span><\/span><\/strong><\/p>\n<p>La paraula de D\u00e9u insisteix molt sovint en la import\u00e0ncia a la vida humana del que implica el mot \u201cavui\u201d. La vida mai no la tenim del tot. Sempre se\u2019ns escapa. La tenim i la deixem de tenir en un moment. D\u2019ella nom\u00e9s posse\u00efm el moment present, l\u2019avui, m\u00e9s encara, l\u2019ara. Per tant, totes les nostres decisions les hem de fer en present, en aquest moment que encara \u00e9s nostre i que representa la nostra gran oportunitat. Tamb\u00e9 per a la salvaci\u00f3.<\/p>\n","protected":false},"excerpt":{"rendered":"<p>28 de mar\u00e7 Jeremies 20, 10-13 En la nostra reflexi\u00f3 d\u2019ahir reflexion\u00e0vem sobre les dificultats i problemes que vivim en el dia dia. En el nostre text d\u2019avui Jeremies comparteix la seva experi\u00e8ncia de sentir-se criticat i perseguit pels seus amics. En aquestes circumst\u00e0ncies, la solitud es fa m\u00e9s dura i real, sembla que ja [&hellip;]<\/p>\n","protected":false},"author":1,"featured_media":1637,"comment_status":"open","ping_status":"open","sticky":false,"template":"","format":"standard","meta":{"_jetpack_memberships_contains_paid_content":false,"footnotes":""},"categories":[7],"tags":[],"class_list":["post-1636","post","type-post","status-publish","format-standard","has-post-thumbnail","hentry","category-meditacions-diaries"],"jetpack_sharing_enabled":true,"jetpack_featured_media_url":"https:\/\/eec.cat\/blog\/wp-content\/uploads\/2016\/03\/campoverde.jpg","_links":{"self":[{"href":"https:\/\/eec.cat\/blog\/wp-json\/wp\/v2\/posts\/1636","targetHints":{"allow":["GET"]}}],"collection":[{"href":"https:\/\/eec.cat\/blog\/wp-json\/wp\/v2\/posts"}],"about":[{"href":"https:\/\/eec.cat\/blog\/wp-json\/wp\/v2\/types\/post"}],"author":[{"embeddable":true,"href":"https:\/\/eec.cat\/blog\/wp-json\/wp\/v2\/users\/1"}],"replies":[{"embeddable":true,"href":"https:\/\/eec.cat\/blog\/wp-json\/wp\/v2\/comments?post=1636"}],"version-history":[{"count":1,"href":"https:\/\/eec.cat\/blog\/wp-json\/wp\/v2\/posts\/1636\/revisions"}],"predecessor-version":[{"id":2667,"href":"https:\/\/eec.cat\/blog\/wp-json\/wp\/v2\/posts\/1636\/revisions\/2667"}],"wp:featuredmedia":[{"embeddable":true,"href":"https:\/\/eec.cat\/blog\/wp-json\/wp\/v2\/media\/1637"}],"wp:attachment":[{"href":"https:\/\/eec.cat\/blog\/wp-json\/wp\/v2\/media?parent=1636"}],"wp:term":[{"taxonomy":"category","embeddable":true,"href":"https:\/\/eec.cat\/blog\/wp-json\/wp\/v2\/categories?post=1636"},{"taxonomy":"post_tag","embeddable":true,"href":"https:\/\/eec.cat\/blog\/wp-json\/wp\/v2\/tags?post=1636"}],"curies":[{"name":"wp","href":"https:\/\/api.w.org\/{rel}","templated":true}]}}