{"id":1615,"date":"2016-03-13T21:33:30","date_gmt":"2016-03-13T21:33:30","guid":{"rendered":"http:\/\/eec.cat\/blog\/?p=1615"},"modified":"2026-04-05T18:33:46","modified_gmt":"2026-04-05T17:33:46","slug":"dia-a-dia-14-de-marc-20-de-marc-2016","status":"publish","type":"post","link":"https:\/\/eec.cat\/blog\/dia-a-dia-14-de-marc-20-de-marc-2016\/","title":{"rendered":"Dia a Dia. 14 de mar\u00e7 &#8211; 20 de mar\u00e7"},"content":{"rendered":"<p><strong><span style=\"text-decoration: underline;\"><span style=\"color: #0000ff; text-decoration: underline;\"><img loading=\"lazy\" decoding=\"async\" class=\"alignleft size-thumbnail wp-image-1616\" src=\"http:\/\/eec.cat\/blog\/wp-content\/uploads\/2016\/03\/sem-5-Montanuy-y-Vilaller-8359-150x150.jpg\" alt=\"sem 5 Montanuy y Vilaller  (8359)\" width=\"150\" height=\"150\" \/>14 de mar\u00e7 2 Samuel 7, 17-22<\/span><\/span><\/strong><\/p>\n<p>\u201cSoli Deo Gloria\u201d. Nom\u00e9s a Ell la Gl\u00f2ria. Un dels lemes de la Reforma Protestant. Tan sols Ell \u00e9s D\u00e9u, no n\u2019hi ha cap altre fora d\u2019Ell, tan sols Ell \u00e9s gran. I en canvi, quantes vegades passa que el nostre cor es deixa enlairar per tants i tants petits d\u00e9us, confort, consum, diners, el culte al jo, el culte al cos, el bon menjar, i parem de contar&#8230; De tant en tant, cal asseure\u2019s davant D\u00e9u, com va fer David, i si \u00e9s per tancar els ulls encara millor. Fugir d\u2019idolatries per retrobar el D\u00e9u vertader, el que tot i sent gran es va fer petit, es va fer home per ensenyar-nos a assumir la nostra humanitat.<\/p>\n<p><strong><span style=\"text-decoration: underline;\"><span style=\"color: #0000ff; text-decoration: underline;\">15 de mar\u00e7 G\u00e0lates 4, 8-11<\/span><\/span><\/strong><\/p>\n<p>La lluita contra la idolatria sovinteja la vida del creient i de l\u2019esgl\u00e9sia. Festes, llunes, solsticis&#8230; L\u2019ap\u00f2stol parla de rituals pagans. Tamb\u00e9 els tenim entre nosaltres, s\u00f3n rituals moderns als que no deixem d\u2019assistir i de servir, de sacralitzar: jugadors de futbol, estrelles televisives, actors de cinema, etc, allunyen el cor i el pensament d\u2019aquell que ens ha reconegut. No som nosaltres qui l\u2019hem conegut, hem estat \u201creconeguts\u201d per Ell. \u00c9s com el fill pr\u00f2dig. Quan anem al darrere d\u2019altres d\u00e9us necessitem tornar cap al D\u00e9u vertader, i ser coneguts de nou, rebuts de nou per ell amb alegria.<\/p>\n<p><strong><span style=\"text-decoration: underline;\"><span style=\"color: #0000ff; text-decoration: underline;\">16 de mar\u00e7 Daniel 9, 18-19<\/span><\/span><\/strong><\/p>\n<p>Despr\u00e9s d\u2019haver tingut diverses visions, Daniel prega pel seu poble. \u00c9s important la nostra actitud en la preg\u00e0ria. Hem de pregar pel nostre pa\u00eds i per l\u2019esgl\u00e9sia. Daniel implora al Senyor que inclini la seva orella i que escolti, que miri la ru\u00efna del poble. Daniel no confia en la seva pr\u00f2pia just\u00edcia sin\u00f3 en la miseric\u00f2rdia del Senyor i no s\u2019oblida d\u2019acompanyar la seva preg\u00e0ria amb un clam de perd\u00f3.<\/p>\n<p><strong><span style=\"text-decoration: underline;\"><span style=\"color: #0000ff; text-decoration: underline;\">17 de mar\u00e7 Lluc 18, 9-14<\/span><\/span><\/strong><\/p>\n<p>Avui seguim meditant en la nostra actitud en l\u2019oraci\u00f3. \u00c9s molt important la nostra vida d\u2019oraci\u00f3 i la nostra manera de pregar. En el text d\u2019avui hi trobem dues actituds diametralment oposades. El fariseu confia en si mateix i li retreu a D\u00e9u tot el que fa, tamb\u00e9 hi ha una actitud de menyspreu envers el public\u00e0. En canvi, el public\u00e0 demana perd\u00f3 i confia nom\u00e9s en la gr\u00e0cia i miseric\u00f2rdia de D\u00e9u.<\/p>\n<p><strong><span style=\"text-decoration: underline;\"><span style=\"color: #0000ff; text-decoration: underline;\">18 de mar\u00e7 Miquees 3, 9-12<\/span><\/span><\/strong><\/p>\n<p>Les paraules del profeta s\u00f3n molt fortes en contra de les autoritats pol\u00edtiques perqu\u00e8 abominen la just\u00edcia i perverteixen el dret. Els sacerdots tamb\u00e9 s\u2019han apartat de D\u00e9u, com diu Jes\u00fas, s\u00f3n assalariats. El profeta anuncia la destrucci\u00f3 de Si\u00f3. Nosaltres hm de pregar pels governs del m\u00f3n i espec\u00edficament pels del nostre pa\u00eds, perqu\u00e8 actu\u00efn amb just\u00edcia. Tamb\u00e9 hem de pregar pels nostres pastors i ministres, perqu\u00e8 actu\u00efn amb verdadera vocaci\u00f3.<\/p>\n<p><strong><span style=\"text-decoration: underline;\"><span style=\"color: #0000ff; text-decoration: underline;\">19 de mar\u00e7 Joan 3. 17-21<\/span><\/span><\/strong><\/p>\n<p>Avui no est\u00e0 de moda parlar de salvaci\u00f3 ni de condemnaci\u00f3, per\u00f2 Jes\u00fas en parla i si volem ser fidels al seu missatge ho hem de tenir present. El text d\u2019avui \u00e9s senzill i clar, ens parla de l\u2019amor de D\u00e9u per\u00f2 tamb\u00e9 de la seva just\u00edcia. La Paraula ens parla de fe i d\u2019incredulitat, d\u2019obres bones i d\u2019obres dolentes, de llum i de tenebres. Jes\u00fas no ens coacciona per\u00f2 ens convida a seguir-lo.<\/p>\n<p><strong><span style=\"text-decoration: underline;\"><span style=\"color: #0000ff; text-decoration: underline;\">20 de mar\u00e7 Isa\u00efes 7, 5-9<\/span><\/span><\/strong><\/p>\n<p>En el text d\u2019avui veiem com D\u00e9u defensa el seu poble enfront dels seus enemics, els pobles ve\u00efns. A diversos llocs de la B\u00edblia veiem com D\u00e9u deslliura el seu poble dels enemics. A ning\u00fa li agrada tenir enemics i moltes vegades ens pensem que no en tenim, per\u00f2 si som fidels al missatge de la Paraula, D\u00e9u estar\u00e0 al nostre costat i ens defensar\u00e0 dels nostres enemics. D\u00e9u fa just\u00edcia i posa les coses al seu lloc.<\/p>\n","protected":false},"excerpt":{"rendered":"<p>14 de mar\u00e7 2 Samuel 7, 17-22 \u201cSoli Deo Gloria\u201d. Nom\u00e9s a Ell la Gl\u00f2ria. Un dels lemes de la Reforma Protestant. Tan sols Ell \u00e9s D\u00e9u, no n\u2019hi ha cap altre fora d\u2019Ell, tan sols Ell \u00e9s gran. I en canvi, quantes vegades passa que el nostre cor es deixa enlairar per tants i [&hellip;]<\/p>\n","protected":false},"author":1,"featured_media":1616,"comment_status":"open","ping_status":"open","sticky":false,"template":"","format":"standard","meta":{"_jetpack_memberships_contains_paid_content":false,"footnotes":""},"categories":[7],"tags":[],"class_list":["post-1615","post","type-post","status-publish","format-standard","has-post-thumbnail","hentry","category-meditacions-diaries"],"jetpack_sharing_enabled":true,"jetpack_featured_media_url":"https:\/\/eec.cat\/blog\/wp-content\/uploads\/2016\/03\/sem-5-Montanuy-y-Vilaller-8359.jpg","_links":{"self":[{"href":"https:\/\/eec.cat\/blog\/wp-json\/wp\/v2\/posts\/1615","targetHints":{"allow":["GET"]}}],"collection":[{"href":"https:\/\/eec.cat\/blog\/wp-json\/wp\/v2\/posts"}],"about":[{"href":"https:\/\/eec.cat\/blog\/wp-json\/wp\/v2\/types\/post"}],"author":[{"embeddable":true,"href":"https:\/\/eec.cat\/blog\/wp-json\/wp\/v2\/users\/1"}],"replies":[{"embeddable":true,"href":"https:\/\/eec.cat\/blog\/wp-json\/wp\/v2\/comments?post=1615"}],"version-history":[{"count":5,"href":"https:\/\/eec.cat\/blog\/wp-json\/wp\/v2\/posts\/1615\/revisions"}],"predecessor-version":[{"id":2676,"href":"https:\/\/eec.cat\/blog\/wp-json\/wp\/v2\/posts\/1615\/revisions\/2676"}],"wp:featuredmedia":[{"embeddable":true,"href":"https:\/\/eec.cat\/blog\/wp-json\/wp\/v2\/media\/1616"}],"wp:attachment":[{"href":"https:\/\/eec.cat\/blog\/wp-json\/wp\/v2\/media?parent=1615"}],"wp:term":[{"taxonomy":"category","embeddable":true,"href":"https:\/\/eec.cat\/blog\/wp-json\/wp\/v2\/categories?post=1615"},{"taxonomy":"post_tag","embeddable":true,"href":"https:\/\/eec.cat\/blog\/wp-json\/wp\/v2\/tags?post=1615"}],"curies":[{"name":"wp","href":"https:\/\/api.w.org\/{rel}","templated":true}]}}