{"id":1611,"date":"2016-03-08T09:36:43","date_gmt":"2016-03-08T09:36:43","guid":{"rendered":"http:\/\/eec.cat\/blog\/?p=1611"},"modified":"2016-03-07T09:49:21","modified_gmt":"2016-03-07T09:49:21","slug":"anticrist","status":"publish","type":"post","link":"https:\/\/eec.cat\/blog\/anticrist\/","title":{"rendered":"Anticrist"},"content":{"rendered":"<p>La mort prematura d\u2019una persona propera i estimada desencadena en el seu entorn m\u00e9s proper una pregunta dif\u00edcil de contestar: Per qu\u00e8? Per qu\u00e8 una persona ha hagut de morir abans d\u2019arribar a la vellesa? Mirem amunt i ens preguntem el perqu\u00e8 sabedors que no tindrem cap resposta.<\/p>\n<p>Per\u00f2 quan aquesta pregunta se la fa un nen el cas agafa un caire dram\u00e0tic perqu\u00e8 en aquesta edat no entenen la mort com una cosa natural que forma part de la vida, i com que no ho entenen intenten donar-li un sentit; volen trobar un per qu\u00e8, perqu\u00e8 buscar un perqu\u00e8 forma part de la infantesa. I en buscar una explicaci\u00f3, si el nen viu en un entorn religi\u00f3s estricte d\u2019un D\u00e9u que castiga el pecat, es poden preguntar qu\u00e8 han fet malament perqu\u00e8 mor\u00eds la persona estimada. Poden arribar a pensar que tot plegat \u00e9s un c\u00e0stig de D\u00e9u perqu\u00e8 no han sigut prou bons o perqu\u00e8 no han fet prou oraci\u00f3 o perqu\u00e8 no han tingut prou fe. En aquesta edat la fe i la certesa de que hi ha un D\u00e9u s\u00f3n corprenedores. \u00c9s quan ens fem grans que comprenem que no cal buscar un sentit a la mort. La mort no t\u00e9 sentit. La mort no d\u00f3na sentit a la vida. La vida no necessita la mort per ser. L\u2019eternitat \u00e9s un concepte vital que exclou la mort. La mort \u00e9s un concepte que aprenem amb l\u2019experi\u00e8ncia. \u00c9s la vida que d\u00f3na significat a la mort.<\/p>\n<p>Els infants es caracteritzen per preguntar el perqu\u00e8 de les coses. \u00c9s propi de l\u2019\u00e9sser hum\u00e0 el fet de trobar una explicaci\u00f3 a les coses que no entenem. La ci\u00e8ncia es basa a esbrinar el perqu\u00e8 de qualsevol fenomen. Per qu\u00e8 la terra d\u00f3na voltes al sol? Per qu\u00e8 els ocells poden volar? Per qu\u00e8? Per qu\u00e8? Per qu\u00e8? No ens volem conformar a no tenir una explicaci\u00f3. A qualsevol fenomen volem trobar una explicaci\u00f3, una ra\u00f3 de ser perqu\u00e8 el fet de saber-ho ens d\u00f3na seguretat. Quan sabem el perqu\u00e8 d\u2019un fet podem predir el seu comportament, podem controlar-lo, incl\u00fas podem canviar el seu comportament. Saber el perqu\u00e8 ens d\u00f3na poder.<\/p>\n<p>El fet de voler saber la ra\u00f3 de les coses ens porta a negar la possibilitat de l&#8217;aleatorietat fins al punt d\u2019afirmar que no existeix l&#8217;aleatorietat sin\u00f3 que tot l&#8217;esdevenir ja est\u00e0 previst o es pot preveure dins un model matem\u00e0tic. La idea que tot est\u00e0 escrit apareix en les religions. Aix\u00ed apareix en el cristianisme la teologia de la predestinaci\u00f3 que nega a l\u2019home qualsevol possibilitat de ser lliure perqu\u00e8 D\u00e9u ja ha determinat el seu dest\u00ed d\u2019antuvi. Cal que considerem fins a quin punt aquest fatalisme del dest\u00ed ens d\u00f3na seguretat.<\/p>\n<p>El controvertit fil\u00f2sof Nietzsche va pronunciar la c\u00e8lebre frase \u201cD\u00e9u a mort\u201d amb la qual va escandalitzar gran part del m\u00f3n cristi\u00e0. Amb la idea de la mort de D\u00e9u, Nietzsche afirmava que naixia el superhome, un ser lliure, superior i aut\u00f2nom que vindria a substituir l\u2019espai deixat per D\u00e9u. Al marge de la pol\u00e8mica que va aixecar el seu pensament, si ens parem a pensar, la idea del nou home no \u00e9s nova, ve del cristianisme. No \u00e9s que D\u00e9u mori, com afirma Nietzsche, sin\u00f3 que amb Crist desapareix l\u2019home de la llei de Mois\u00e8s i neix el nou home, l\u2019home nou testamentari, l\u2019home de la llibertat i de l\u2019amor. Ja no hi ha llei a la qual ens hem de sotmetre. Per\u00f2 el fet que no hi ha llei ens situa autom\u00e0ticament per sobre del b\u00e9 i del mal. En Crist descobrim el D\u00e9u d\u2019amor i llibertat que ens exigeix que visquem sense estar sotmesos a la llei sin\u00f3 que visquem la llibertat.<\/p>\n<p>Per\u00f2 viure la llibertat no \u00e9s f\u00e0cil. La llibertat aclapara, perqu\u00e8 viure la llibertat no vol dir fer el que ens d\u00f3na la gana, vol dir poder fer el que hem de fer i poder ser el que hem de ser. El problema \u00e9s que moltes vegades no sabem el que hem de fer o com hem de viure o com hem de pensar. Una de les etapes m\u00e9s angoixants de la joventut \u00e9s l\u2019\u00e8poca en qu\u00e8 cal decidir els estudis universitaris. Governar la nostra vida \u00e9s sens dubte una acci\u00f3 que ens pot angoixar perqu\u00e8 la llibertat ens fa responsables del nostre dest\u00ed i de les nostres decisions. Viure la llibertat \u00e9s viure sense la seguretat d\u2019un dest\u00ed preestablert, sense el refugi d\u2019una llei i sense la tutela d\u2019un sacerdot.<\/p>\n<p>Viure la llibertat exigeix saber viure sense respostes a les nostres preguntes, sense saber de vegades el que est\u00e0 b\u00e9 o malament fins al punt que pot apar\u00e8ixer la por a la llibertat. I aquesta por ens pot fer anar a buscar respostes en l\u00edders o sectes religioses o en llibres religiosos que decideixin per nosaltres, que ens marquin el cam\u00ed a seguir.<\/p>\n<p>De vegades trobem a faltar un Crist que ens hagu\u00e9s deixat escrites unes normes clares i concises. El nou testament no \u00e9s un llibre de lleis, \u00e9s un llibre d\u2019inspiraci\u00f3 per poder caminar el nostre cam\u00ed i viure la nostra vida. Per aix\u00f2 cal anar amb compte amb aquests l\u00edders religiosos. No \u00e9s que estigui en contra que els l\u00edders puguin expressar les seves opinions, calen persones que ens puguin il\u00b7luminar i inspirar, per\u00f2 el que no podem admetre \u00e9s que vulguin imposar el seu pensament i el seu criteri com si fossin els enviats de D\u00e9u. Papes, imams i pastors s\u00f3n sovint l\u00edders que ens volen domesticar, que ens volen posar al seu servei, que volen que pensem, fem i visquem tal com ells ens diuen i que acceptem les seves idees sense la possibilitat de r\u00e8plica. Es creuen la gran i \u00fanica veritat.<\/p>\n<p>Em preocupen aquests l\u00edders religiosos que volen governar les nostres vides perqu\u00e8 empetiteixen la persona. Volen destruir el nou home nascut del Crist per sotmetre\u2019l a l\u2019imperi de la llei \u2013de la seva llei-. Em preocupen aquestes sectes fonamentalistes que basant-se en l\u2019antic testament volen imposar una lectura esbiaixada del cristianisme. Prediquen un cristianisme basat en prohibicions. Quantes persones han estat discriminades, condemnades i incl\u00fas assassinades basant-se el cap\u00edtol 20 del llibre del lev\u00edtic?<\/p>\n<p>Crist no va deixar escrit cap llibre en qu\u00e8 ens digu\u00e9s el que cal fer i el que no cal fer, el que est\u00e0 b\u00e9 i el que est\u00e0 malament, no ens va imposar una llei sin\u00f3 que ens va dir que bas\u00e9ssim la nostra vida en l\u2019amor i que a partir d\u2019aqu\u00ed visqu\u00e9ssim la nostra vida amb el nostre criteri, en llibertat, sense saber moltes vegades les respostes a totes les nostres preguntes i a tots els atzucacs que ens planteja la vida. El que ens demana el Crist \u00e9s ser noves criatures.<\/p>\n<p>No em preocupen les persones que es declaren enemics de Crist. No em preocupen les persones que neguen a D\u00e9u i a Crist. Em preocupen tots aquells que volen imposar el seu pensament, que volen domesticar el nostre criteri, que volen controlar la nostra ment, que s\u2019erigeixen com a portaveus de D\u00e9u i de la veritat i que sovint la manipulen per interessos propis per no deixar-nos viure segons la nostra consci\u00e8ncia inspirada en l\u2019amor de Crist. Aquest s\u00f3n per mi l\u2019anticrist.<\/p>\n<p><img loading=\"lazy\" decoding=\"async\" class=\"alignnone size-medium wp-image-1612\" src=\"http:\/\/eec.cat\/blog\/wp-content\/uploads\/2016\/03\/antichrist-300x225.jpg\" alt=\"antichrist\" width=\"300\" height=\"225\" srcset=\"https:\/\/eec.cat\/blog\/wp-content\/uploads\/2016\/03\/antichrist-300x225.jpg 300w, https:\/\/eec.cat\/blog\/wp-content\/uploads\/2016\/03\/antichrist-768x576.jpg 768w, https:\/\/eec.cat\/blog\/wp-content\/uploads\/2016\/03\/antichrist-1024x768.jpg 1024w, https:\/\/eec.cat\/blog\/wp-content\/uploads\/2016\/03\/antichrist-150x112.jpg 150w\" sizes=\"auto, (max-width: 300px) 100vw, 300px\" \/><\/p>\n<p>Per\u00f2 ara hem estat deslligats de la Llei i hem mort a all\u00f2 que ens tenia presoners; ara servim D\u00e9u d&#8217;acord amb el cam\u00ed nou de l&#8217;Esperit i no segons la lletra envellida de la Llei.(Rm7,6)<\/p>\n<p><strong>Rub\u00e8n Pall\u00e0s<\/strong><\/p>\n","protected":false},"excerpt":{"rendered":"<p>La mort prematura d\u2019una persona propera i estimada desencadena en el seu entorn m\u00e9s proper una pregunta dif\u00edcil de contestar: Per qu\u00e8? Per qu\u00e8 una persona ha hagut de morir abans d\u2019arribar a la vellesa? Mirem amunt i ens preguntem el perqu\u00e8 sabedors que no tindrem cap resposta. Per\u00f2 quan aquesta pregunta se la fa [&hellip;]<\/p>\n","protected":false},"author":1,"featured_media":0,"comment_status":"open","ping_status":"open","sticky":false,"template":"","format":"standard","meta":{"_jetpack_memberships_contains_paid_content":false,"footnotes":""},"categories":[6],"tags":[],"class_list":["post-1611","post","type-post","status-publish","format-standard","hentry","category-reflexions"],"jetpack_sharing_enabled":true,"jetpack_featured_media_url":"","_links":{"self":[{"href":"https:\/\/eec.cat\/blog\/wp-json\/wp\/v2\/posts\/1611","targetHints":{"allow":["GET"]}}],"collection":[{"href":"https:\/\/eec.cat\/blog\/wp-json\/wp\/v2\/posts"}],"about":[{"href":"https:\/\/eec.cat\/blog\/wp-json\/wp\/v2\/types\/post"}],"author":[{"embeddable":true,"href":"https:\/\/eec.cat\/blog\/wp-json\/wp\/v2\/users\/1"}],"replies":[{"embeddable":true,"href":"https:\/\/eec.cat\/blog\/wp-json\/wp\/v2\/comments?post=1611"}],"version-history":[{"count":0,"href":"https:\/\/eec.cat\/blog\/wp-json\/wp\/v2\/posts\/1611\/revisions"}],"wp:attachment":[{"href":"https:\/\/eec.cat\/blog\/wp-json\/wp\/v2\/media?parent=1611"}],"wp:term":[{"taxonomy":"category","embeddable":true,"href":"https:\/\/eec.cat\/blog\/wp-json\/wp\/v2\/categories?post=1611"},{"taxonomy":"post_tag","embeddable":true,"href":"https:\/\/eec.cat\/blog\/wp-json\/wp\/v2\/tags?post=1611"}],"curies":[{"name":"wp","href":"https:\/\/api.w.org\/{rel}","templated":true}]}}