{"id":1607,"date":"2016-03-07T09:32:47","date_gmt":"2016-03-07T09:32:47","guid":{"rendered":"http:\/\/eec.cat\/blog\/?p=1607"},"modified":"2016-03-07T09:34:36","modified_gmt":"2016-03-07T09:34:36","slug":"1607-2","status":"publish","type":"post","link":"https:\/\/eec.cat\/blog\/1607-2\/","title":{"rendered":"Actualitat de Joan"},"content":{"rendered":"<p><img loading=\"lazy\" decoding=\"async\" class=\"alignleft size-full wp-image-1608\" src=\"http:\/\/eec.cat\/blog\/wp-content\/uploads\/2016\/03\/aumenta-la-persecucion-contra-los-cristianos_560x280.jpg\" alt=\"aumenta-la-persecucion-contra-los-cristianos_560x280\" width=\"250\" height=\"126\" srcset=\"https:\/\/eec.cat\/blog\/wp-content\/uploads\/2016\/03\/aumenta-la-persecucion-contra-los-cristianos_560x280.jpg 250w, https:\/\/eec.cat\/blog\/wp-content\/uploads\/2016\/03\/aumenta-la-persecucion-contra-los-cristianos_560x280-150x76.jpg 150w\" sizes=\"auto, (max-width: 250px) 100vw, 250px\" \/>Sovint el fet de llegir els diaris o escoltar les not\u00edcies per la r\u00e0dio o per la TV \u00e9s desencoratjador. S\u00f3n moltes les not\u00edcies que ens fan mal: la corrua de refugiats que omplen els camins de la vella Europa tot buscant -freq\u00fcentment enmig del menyspreu dels nostres conciutadans- una mica de la seguretat, la pau o la dignitat que no troben en els seus pa\u00efsos d&#8217;origen, o els naufragis, gaireb\u00e9 diaris, que ens parlen de centenars de morts innocents, o els nens desapareguts i explotats per les m\u00e0fies, o els atemptats, o la crisi econ\u00f2mica, o la corrupci\u00f3, o les injust\u00edcies, o la xenof\u00f2bia, o l&#8217;odi&#8230;<\/p>\n<p>I, tanmateix, enmig de totes aquestes malaurades not\u00edcies, els mitjans de comunicaci\u00f3 gaireb\u00e9 mai no es fan ress\u00f2 d&#8217;un altre fet dolor\u00f3s que fa anys que dura i que, habitualment, no \u00e9s not\u00edcia: la persecuci\u00f3 que pateixen molts i molts cristians per causa de la fe.<\/p>\n<p>El cas, lamentable, \u00e9s que, segons ens informa l&#8217;organitzaci\u00f3 \u201cOpen Doors\u201d -una ONG creada el 1976 per l&#8217;holand\u00e8s A. Van der Bijh, conegut com el germ\u00e0 Andreu \u201cel contrabandista de D\u00e9u\u201d, i que agrupa una vintena d&#8217;associacions independents que treballen en m\u00e9s de 60 pa\u00efsos- el nombre de perseguits per motius religiosos va en augment i, actualment, s\u00f3n milions els cristians que, d&#8217;una manera o altra, pateixen persecuci\u00f3 en m\u00e9s de 50 pa\u00efsos.<\/p>\n<p>L&#8217;esmentada organitzaci\u00f3 publica anualment l&#8217;anomenat \u201c\u00cdndex mundial de persecuci\u00f3 de cristians\u201d i, segons se&#8217;ns explica en el darrer \u201c\u00cdndex\u201d, durant el passat any 2015, la persecuci\u00f3 es va fer m\u00e9s gran i les pressions i els actes violents contra els cristians van anar en augment. Un exemple \u00e9s l&#8217;\u00cdndia on, segons els informes de l&#8217;esmentada organitzaci\u00f3, es van produir 355 actes contra els cristians en un any; \u00e9s a dir, gaireb\u00e9 un acte per dia.<\/p>\n<p>Aquestes persecucions poden anar des de la discriminaci\u00f3 o pressions i imposicions de traves \u201clegals\u201d fins arribar, en casos extrems, a la condemna a treballs for\u00e7ats o a la mort per lapidaci\u00f3 o crucifixi\u00f3.<\/p>\n<p>Normalment, s\u00f3n els pa\u00efsos musulmans els que encap\u00e7alen la llista de les hostilitats tot i que, curiosament, en algunes d&#8217;aquestes regions , com per exemple Egipte, el cristianisme va ser anterior a l&#8217;islam; tamb\u00e9 \u00e9s trist el cas d&#8217;Eti\u00f2pia on \u00e9s la pr\u00f2pia Esgl\u00e9sia d&#8217;Eti\u00f2pia qui persegueix els cristians evang\u00e8lics. Turquia , que conegu\u00e9 el cristianisme en temps de sant Pau i que \u00e9s seu d&#8217;antiqu\u00edssimes esgl\u00e9sies cristianes, tamb\u00e9 pateix una radicalitzaci\u00f3 dels elements islamistes.<\/p>\n<p>Corea del Nord, on els cristians, si s\u00f3n descoberts, s\u00f3n enviats a treballs for\u00e7ats, sovint fins a la mort, o l&#8217;Ar\u00e0bia Saudita, on el cristianisme est\u00e0 prohibit per llei i on no existeix cap temple cristi\u00e0, s\u00f3n dos exemples d&#8217;aquesta persecuci\u00f3; per\u00f2 la persecuci\u00f3 s&#8217;expandeix per moltes altres regions del planeta, especialment de l&#8217;\u00c0frica, \u00c0sia o Oceania.<br \/>\nLa persecuci\u00f3, per\u00f2, tamb\u00e9 apareix en alguns pa\u00efsos iberoamericans com M\u00e8xic o Col\u00f2mbia &#8211; nacions majorit\u00e0riament cat\u00f2liques- on, per causes diverses com la corrupci\u00f3, la droga o les rivalitats \u00e8tniques, els cristians -principalment els pentecostals, per\u00f2 tamb\u00e9 d&#8217;altres- pateixen cont\u00ednues amenaces sovint per oferir alternatives de pau a la viol\u00e8ncia generalitzada que impera en aquelles regions.<\/p>\n<p>I, tanmateix, a desgrat de les persecucions i les dificultats de tota mena, s\u00f3n molts els cristians que, tot i en la clandestinitat, es mantenen ferms en la fe malgrat que tamb\u00e9 \u00e9s cert -i dolor\u00f3s- el fet de comprovar com moltes comunitats de l&#8217;Orient cristi\u00e0, algunes antiqu\u00edssimes, veuen minvar cont\u00ednuament el seu nombre com a resultat de les guerres i el terror implantat a la seva terra.<\/p>\n<p>Mentrestant, el nostre pr\u00f2sper Occident, que un dia fou cristi\u00e0, ignora el patiment d&#8217;aquests nostres germans que contemplen perplexos i entristits la nostra indifer\u00e8ncia amb el seu dolor.<br \/>\nRecordem, plegats, les paraules de Jes\u00fas: \u201cEn el m\u00f3n passareu tribulacions, per\u00f2 tingueu confian\u00e7a: Jo he ven\u00e7ut el m\u00f3n\u201d (Joan 16,33)<\/p>\n<p><strong>J.Lu\u00eds Pa\u00fcl <\/strong><\/p>\n","protected":false},"excerpt":{"rendered":"<p>Sovint el fet de llegir els diaris o escoltar les not\u00edcies per la r\u00e0dio o per la TV \u00e9s desencoratjador. S\u00f3n moltes les not\u00edcies que ens fan mal: la corrua de refugiats que omplen els camins de la vella Europa tot buscant -freq\u00fcentment enmig del menyspreu dels nostres conciutadans- una mica de la seguretat, la [&hellip;]<\/p>\n","protected":false},"author":1,"featured_media":0,"comment_status":"open","ping_status":"open","sticky":false,"template":"","format":"standard","meta":{"_jetpack_memberships_contains_paid_content":false,"footnotes":""},"categories":[6],"tags":[],"class_list":["post-1607","post","type-post","status-publish","format-standard","hentry","category-reflexions"],"jetpack_sharing_enabled":true,"jetpack_featured_media_url":"","_links":{"self":[{"href":"https:\/\/eec.cat\/blog\/wp-json\/wp\/v2\/posts\/1607","targetHints":{"allow":["GET"]}}],"collection":[{"href":"https:\/\/eec.cat\/blog\/wp-json\/wp\/v2\/posts"}],"about":[{"href":"https:\/\/eec.cat\/blog\/wp-json\/wp\/v2\/types\/post"}],"author":[{"embeddable":true,"href":"https:\/\/eec.cat\/blog\/wp-json\/wp\/v2\/users\/1"}],"replies":[{"embeddable":true,"href":"https:\/\/eec.cat\/blog\/wp-json\/wp\/v2\/comments?post=1607"}],"version-history":[{"count":0,"href":"https:\/\/eec.cat\/blog\/wp-json\/wp\/v2\/posts\/1607\/revisions"}],"wp:attachment":[{"href":"https:\/\/eec.cat\/blog\/wp-json\/wp\/v2\/media?parent=1607"}],"wp:term":[{"taxonomy":"category","embeddable":true,"href":"https:\/\/eec.cat\/blog\/wp-json\/wp\/v2\/categories?post=1607"},{"taxonomy":"post_tag","embeddable":true,"href":"https:\/\/eec.cat\/blog\/wp-json\/wp\/v2\/tags?post=1607"}],"curies":[{"name":"wp","href":"https:\/\/api.w.org\/{rel}","templated":true}]}}