{"id":1588,"date":"2016-02-28T22:13:07","date_gmt":"2016-02-28T22:13:07","guid":{"rendered":"http:\/\/eec.cat\/blog\/?p=1588"},"modified":"2026-04-05T18:43:39","modified_gmt":"2026-04-05T17:43:39","slug":"dia-a-dia-29-de-febrer-2016","status":"publish","type":"post","link":"https:\/\/eec.cat\/blog\/dia-a-dia-29-de-febrer-2016\/","title":{"rendered":"Dia a Dia. 29 de febrer"},"content":{"rendered":"<p><strong><span style=\"text-decoration: underline;\"><span style=\"color: #0000ff; text-decoration: underline;\">29 de febrer<\/span><\/span><\/strong><\/p>\n<p><img loading=\"lazy\" decoding=\"async\" class=\"alignleft size-thumbnail wp-image-1589\" src=\"http:\/\/eec.cat\/blog\/wp-content\/uploads\/2016\/02\/focs-150x150.jpg\" alt=\"focs\" width=\"150\" height=\"150\" \/>Isa\u00efes 16, 16-19<br \/>\nEns hem esfor\u00e7at per portar endavant una tasca que sembla que fructificar, hem treballat durant per acostar la salvaci\u00f3 a la teva creaci\u00f3, per\u00f2 dia rere dia ens adonem de que no arribem a tot; Senyor, volem descansar en tu, descansar en la teva paraula creadora de noves realitats. Amara aquest mon de la teva salvaci\u00f3, que el cobreixi com una rosada, fresca i nova que vivifica amb la seva aigua. Senyor, d\u00f3na\u2019ns sempre forces per continuar.<\/p>\n","protected":false},"excerpt":{"rendered":"<p>29 de febrer Isa\u00efes 16, 16-19 Ens hem esfor\u00e7at per portar endavant una tasca que sembla que fructificar, hem treballat durant per acostar la salvaci\u00f3 a la teva creaci\u00f3, per\u00f2 dia rere dia ens adonem de que no arribem a tot; Senyor, volem descansar en tu, descansar en la teva paraula creadora de noves realitats. [&hellip;]<\/p>\n","protected":false},"author":1,"featured_media":1589,"comment_status":"open","ping_status":"open","sticky":false,"template":"","format":"standard","meta":{"_jetpack_memberships_contains_paid_content":false,"footnotes":""},"categories":[7],"tags":[],"class_list":["post-1588","post","type-post","status-publish","format-standard","has-post-thumbnail","hentry","category-meditacions-diaries"],"jetpack_sharing_enabled":true,"jetpack_featured_media_url":"https:\/\/eec.cat\/blog\/wp-content\/uploads\/2016\/02\/focs.jpg","_links":{"self":[{"href":"https:\/\/eec.cat\/blog\/wp-json\/wp\/v2\/posts\/1588","targetHints":{"allow":["GET"]}}],"collection":[{"href":"https:\/\/eec.cat\/blog\/wp-json\/wp\/v2\/posts"}],"about":[{"href":"https:\/\/eec.cat\/blog\/wp-json\/wp\/v2\/types\/post"}],"author":[{"embeddable":true,"href":"https:\/\/eec.cat\/blog\/wp-json\/wp\/v2\/users\/1"}],"replies":[{"embeddable":true,"href":"https:\/\/eec.cat\/blog\/wp-json\/wp\/v2\/comments?post=1588"}],"version-history":[{"count":1,"href":"https:\/\/eec.cat\/blog\/wp-json\/wp\/v2\/posts\/1588\/revisions"}],"predecessor-version":[{"id":2690,"href":"https:\/\/eec.cat\/blog\/wp-json\/wp\/v2\/posts\/1588\/revisions\/2690"}],"wp:featuredmedia":[{"embeddable":true,"href":"https:\/\/eec.cat\/blog\/wp-json\/wp\/v2\/media\/1589"}],"wp:attachment":[{"href":"https:\/\/eec.cat\/blog\/wp-json\/wp\/v2\/media?parent=1588"}],"wp:term":[{"taxonomy":"category","embeddable":true,"href":"https:\/\/eec.cat\/blog\/wp-json\/wp\/v2\/categories?post=1588"},{"taxonomy":"post_tag","embeddable":true,"href":"https:\/\/eec.cat\/blog\/wp-json\/wp\/v2\/tags?post=1588"}],"curies":[{"name":"wp","href":"https:\/\/api.w.org\/{rel}","templated":true}]}}