{"id":1585,"date":"2016-02-25T22:55:15","date_gmt":"2016-02-25T22:55:15","guid":{"rendered":"http:\/\/eec.cat\/blog\/?p=1585"},"modified":"2016-02-25T22:55:15","modified_gmt":"2016-02-25T22:55:15","slug":"1585-2","status":"publish","type":"post","link":"https:\/\/eec.cat\/blog\/1585-2\/","title":{"rendered":"Poema &#8220;La poes\u00eda en maj\u00fascula&#8221;"},"content":{"rendered":"<p style=\"text-align: left;\">A la pol\u00e8mica que s\u2019 ha suscitat arran del poema de La poes\u00eda en maj\u00fascula, ens sembla molt interessant, per la seva sensibilitat el tractar el tema, l\u2019article escrit per Fernando Trias de Bes en el Diari Ara i per aix\u00f2 el publiquem:<\/p>\n<p style=\"text-align: center;\">Dolors Miquel i la Poesia en maj\u00fascula<\/p>\n<p>Font: Diari <strong>ARA<\/strong><br \/>\n<strong>22.2.2016<\/strong><\/p>\n<p><img loading=\"lazy\" decoding=\"async\" class=\"aligncenter size-medium wp-image-1586\" src=\"http:\/\/eec.cat\/blog\/wp-content\/uploads\/2016\/02\/CAM01169-2-300x263.jpg\" alt=\"CAM01169 (2)\" width=\"300\" height=\"263\" srcset=\"https:\/\/eec.cat\/blog\/wp-content\/uploads\/2016\/02\/CAM01169-2-300x263.jpg 300w, https:\/\/eec.cat\/blog\/wp-content\/uploads\/2016\/02\/CAM01169-2-768x672.jpg 768w, https:\/\/eec.cat\/blog\/wp-content\/uploads\/2016\/02\/CAM01169-2-1024x896.jpg 1024w, https:\/\/eec.cat\/blog\/wp-content\/uploads\/2016\/02\/CAM01169-2-150x131.jpg 150w, https:\/\/eec.cat\/blog\/wp-content\/uploads\/2016\/02\/CAM01169-2.jpg 1818w\" sizes=\"auto, (max-width: 300px) 100vw, 300px\" \/><\/p>\n<p>Aix\u00f2 no va ni de pol\u00edtics ni de l\u2019Esgl\u00e9sia. Aix\u00f2 va dels que senten que s\u00f3n alguna cosa m\u00e9s que carn i mat\u00e8ria. Aix\u00f2 va dels que en moments de patiment i solitud troben consol en les oracions. Dels que en el sofriment de la malaltia o el dolor de la p\u00e8rdua cerquen confort espiritual. Aix\u00f2 va de sentiments i de sentit. Poesia em maj\u00fascula \u00e9s la que pares i avis ens ensenyaven a recitar, no per convertir-nos ni adoctrinar-nos sin\u00f3 per ajudar-nos a descobrir la nostra dimensi\u00f3 espiritual i recon\u00e8ixer totes les coses meravelloses que poden sorgir de la miseria humana.<\/p>\n<p>Per apropar-nos al que, potser, \u00e9s la Font de la vida i l\u2019amor. Per fer-nos un pet\u00f3 abans de dormir i dir-nos com ens estimaven i que, passi el que passi o fem el que fem, som mereixedors d\u2019amor.<\/p>\n<p>Aix\u00f2 no va de drets o diversitat. Aix\u00f2 no va de cultura ni d\u2019art. Per cert, art: un veritable poeta no fa servir els versos d\u2019un altre per enaltir els seus sentiments. Un veritable poeta troba la seva propia veu i deixa volar la dels altres. Una oraci\u00f3 \u00e9s l\u2019aliment, tamb\u00e9 po\u00e8tic, del que pateix i estima. S\u00f3n cants a la vida i lloances a la dimensi\u00f3 m\u00e9s profunda dels \u00e9ssers humans. S\u00f3n versos on alguns descobreixen que aquest univers fred i fosc t\u00e9 alg\u00fan sentit. Aix\u00f2 no va de flasf\u00e8mies. No va de llibertats. Aix\u00f2 va de respectar, civilment, el que \u00e9s important, \u00edntim i esencial per a l\u2019altre. Els Poemes en maj\u00fascules, les oracions, s\u00f3n la veu de l\u2019amor i perd\u00f2 incondicionals. Qui ho sap s\u2019adona de l\u2019absurd i inutilitat de treure-les del seu context. No \u00e9s una ofensa a un dogma, sin\u00f3 al sentiment amor\u00f3s de l\u2019altre. I si realment no ha havia intenci\u00f3 d\u2019ofendre, vol dir que estem davant d\u2019una gran manca de cultura.<\/p>\n<p><strong>Fernando Trias de Bes<\/strong><\/p>\n","protected":false},"excerpt":{"rendered":"<p>A la pol\u00e8mica que s\u2019 ha suscitat arran del poema de La poes\u00eda en maj\u00fascula, ens sembla molt interessant, per la seva sensibilitat el tractar el tema, l\u2019article escrit per Fernando Trias de Bes en el Diari Ara i per aix\u00f2 el publiquem: Dolors Miquel i la Poesia en maj\u00fascula Font: Diari ARA 22.2.2016 Aix\u00f2 [&hellip;]<\/p>\n","protected":false},"author":1,"featured_media":0,"comment_status":"open","ping_status":"open","sticky":false,"template":"","format":"standard","meta":{"_jetpack_memberships_contains_paid_content":false,"footnotes":""},"categories":[6],"tags":[],"class_list":["post-1585","post","type-post","status-publish","format-standard","hentry","category-reflexions"],"jetpack_sharing_enabled":true,"jetpack_featured_media_url":"","_links":{"self":[{"href":"https:\/\/eec.cat\/blog\/wp-json\/wp\/v2\/posts\/1585","targetHints":{"allow":["GET"]}}],"collection":[{"href":"https:\/\/eec.cat\/blog\/wp-json\/wp\/v2\/posts"}],"about":[{"href":"https:\/\/eec.cat\/blog\/wp-json\/wp\/v2\/types\/post"}],"author":[{"embeddable":true,"href":"https:\/\/eec.cat\/blog\/wp-json\/wp\/v2\/users\/1"}],"replies":[{"embeddable":true,"href":"https:\/\/eec.cat\/blog\/wp-json\/wp\/v2\/comments?post=1585"}],"version-history":[{"count":0,"href":"https:\/\/eec.cat\/blog\/wp-json\/wp\/v2\/posts\/1585\/revisions"}],"wp:attachment":[{"href":"https:\/\/eec.cat\/blog\/wp-json\/wp\/v2\/media?parent=1585"}],"wp:term":[{"taxonomy":"category","embeddable":true,"href":"https:\/\/eec.cat\/blog\/wp-json\/wp\/v2\/categories?post=1585"},{"taxonomy":"post_tag","embeddable":true,"href":"https:\/\/eec.cat\/blog\/wp-json\/wp\/v2\/tags?post=1585"}],"curies":[{"name":"wp","href":"https:\/\/api.w.org\/{rel}","templated":true}]}}