{"id":1574,"date":"2016-02-21T21:13:53","date_gmt":"2016-02-21T21:13:53","guid":{"rendered":"http:\/\/eec.cat\/blog\/?p=1574"},"modified":"2026-04-05T18:46:01","modified_gmt":"2026-04-05T17:46:01","slug":"dia-a-dia-22-dde-febrer-2016","status":"publish","type":"post","link":"https:\/\/eec.cat\/blog\/dia-a-dia-22-dde-febrer-2016\/","title":{"rendered":"Dia a Dia. 22 de febrer &#8211; 28 de febrer"},"content":{"rendered":"<p><strong><span style=\"text-decoration: underline;\"><span style=\"color: #0000ff; text-decoration: underline;\"><a href=\"http:\/\/eec.cat\/blog\/wp-content\/uploads\/2016\/02\/ladera.jpg\"><img loading=\"lazy\" decoding=\"async\" class=\"alignleft size-thumbnail wp-image-1576\" src=\"http:\/\/eec.cat\/blog\/wp-content\/uploads\/2016\/02\/ladera-150x150.jpg\" alt=\"ladera\" width=\"150\" height=\"150\" \/><\/a>22 de febrer<\/span><\/span><\/strong><\/p>\n<p>Zacaries 8, 20-23<br \/>\nSenyor, vas formar el teu poble per ser llum a les nacions, vas recollir-nos de tots els llocs de la terra per mostrar la teva salvaci\u00f3 a tota la creaci\u00f3. D\u00e9u nostre, volem proclamar en mig d\u2019aquest mon que pateix un altre forma de viure, de viure amb tu, volem que el m\u00f3n vegi la teva m\u00e0 a trav\u00e9s de les nostres. Utilitza\u2019ns perqu\u00e8 el mon pugui con\u00e8ixer el teu favor.<\/p>\n<p><strong><span style=\"text-decoration: underline;\"><span style=\"color: #0000ff; text-decoration: underline;\">23 de febrer<\/span><\/span><\/strong><\/p>\n<p>Joan 9, 35-41<br \/>\nObre\u2019ns els ulls, Senyor, fes-nos veure la teva salvaci\u00f3, que veiem les passes de Jes\u00fas i sapiguem seguir-les, que els camins de la nostra vida es facin sota la teva llum. Mostra\u2019ns la teva voluntat, i no permetis que tanquem els ulls al que vols de nosaltres. Volem veure\u2019t, volem sentir-te, volem la teva pres\u00e8ncia entre nosaltres.<\/p>\n<p><strong><span style=\"text-decoration: underline;\"><span style=\"color: #0000ff; text-decoration: underline;\">24 de febrer<\/span><\/span><\/strong><\/p>\n<p>Isa\u00efes 54, 6-10<br \/>\nArriba el teu perd\u00f3 com un b\u00e0lsam per les ferides, arriba la teva paraula com a consol per els nostres moments de foscor; moltes vegades ens sentim allunyats de tu, perqu\u00e8 la vor\u00e0gine d\u2019aquesta vida ens fa trontollar, perqu\u00e8 la nostra fidelitat no \u00e9s com la teva. En els moments de negror volem confiar en el teu amor, en la promesa de que la teva pau sempre ser\u00e0 amb nosaltres.<\/p>\n<p><strong><span style=\"text-decoration: underline;\"><span style=\"color: #0000ff; text-decoration: underline;\">25 de febrer<\/span><\/span><\/strong><\/p>\n<p>Joan 12, 37-43<br \/>\nNo permetis, Senyor, que les nostres pors ens paralitzin, no permetis que la teva paraula quedi amagada entre nosaltres; quantes vegades volem proclamar la teva just\u00edcia, la teva voluntat per una creaci\u00f3 que plora, per\u00f2 ens veiem aclaparats per el temor d\u2019enfrontar-nos als poderosos? D\u00f3na\u2019ns la for\u00e7a del teu Esperit per transformar aquest mon en el teu regne.<\/p>\n<p><strong><span style=\"text-decoration: underline;\"><span style=\"color: #0000ff; text-decoration: underline;\">26 de febrer<\/span><\/span><\/strong><\/p>\n<p>Isa\u00efes 29, 13-16<br \/>\nAi, Senyor, quantes vegades ens allunyem de tu per portar a terme els nostres plans, com si els nostres projectes poguessin viure sense el teu consell, com si les nostres opinions fossin res sense amarar-se de la teva paraula. Volem ser sincers en la nostra lloan\u00e7a, viure aferrats a la teva saviesa, fes que no oblidem la teva grandesa, fes-nos estar ferms en tu.<\/p>\n<p><strong><span style=\"text-decoration: underline;\"><span style=\"color: #0000ff; text-decoration: underline;\">27 de febrer<\/span><\/span><\/strong><\/p>\n<p>Marc 8, 31-38<br \/>\nEl nostre raonament ens diu que hi ha que fugir del patiment, el nostre cor vol viure tranquil, volem passar les nostres vides sense cap sotragada; per\u00f2 la realitat \u00e9s que enfrontar-nos al mal que amara aquest mon \u00e9s una tasca que pot ferir-nos, que pot deixar-nos plens de cicatrius, per aix\u00f2 et demanem la teva for\u00e7a, el teu consol, la teva abra\u00e7ada en el moment del dolor.<\/p>\n<p><strong><span style=\"text-decoration: underline;\"><span style=\"color: #0000ff; text-decoration: underline;\">28 de febrer<\/span><\/span><\/strong><\/p>\n<p>Salm 22, 23-32<br \/>\nQue no calli la meva boca per donar-te gr\u00e0cies, tu que ens reuneixes davant teu per adorar-te inspira el nostre c\u00e0ntic, omple de paraules noves la nostra lloan\u00e7a. Volem proclamar al m\u00f3n que ets el D\u00e9u poder\u00f3s que s\u2019ha acostat a la seva creaci\u00f3 per donar-li una nova vida, una vida plena i veritable, per la teva bondat t\u2019has recordat de nosaltres, ens has rescatat de la pols, has perdonat les nostres errades, volem proclamar per sempre la teva miseric\u00f2rdia.<\/p>\n","protected":false},"excerpt":{"rendered":"<p>22 de febrer Zacaries 8, 20-23 Senyor, vas formar el teu poble per ser llum a les nacions, vas recollir-nos de tots els llocs de la terra per mostrar la teva salvaci\u00f3 a tota la creaci\u00f3. D\u00e9u nostre, volem proclamar en mig d\u2019aquest mon que pateix un altre forma de viure, de viure amb tu, [&hellip;]<\/p>\n","protected":false},"author":1,"featured_media":1598,"comment_status":"open","ping_status":"open","sticky":false,"template":"","format":"standard","meta":{"_jetpack_memberships_contains_paid_content":false,"footnotes":""},"categories":[7],"tags":[],"class_list":["post-1574","post","type-post","status-publish","format-standard","has-post-thumbnail","hentry","category-meditacions-diaries"],"jetpack_sharing_enabled":true,"jetpack_featured_media_url":"https:\/\/eec.cat\/blog\/wp-content\/uploads\/2016\/03\/ladera-izq.jpg","_links":{"self":[{"href":"https:\/\/eec.cat\/blog\/wp-json\/wp\/v2\/posts\/1574","targetHints":{"allow":["GET"]}}],"collection":[{"href":"https:\/\/eec.cat\/blog\/wp-json\/wp\/v2\/posts"}],"about":[{"href":"https:\/\/eec.cat\/blog\/wp-json\/wp\/v2\/types\/post"}],"author":[{"embeddable":true,"href":"https:\/\/eec.cat\/blog\/wp-json\/wp\/v2\/users\/1"}],"replies":[{"embeddable":true,"href":"https:\/\/eec.cat\/blog\/wp-json\/wp\/v2\/comments?post=1574"}],"version-history":[{"count":1,"href":"https:\/\/eec.cat\/blog\/wp-json\/wp\/v2\/posts\/1574\/revisions"}],"predecessor-version":[{"id":2692,"href":"https:\/\/eec.cat\/blog\/wp-json\/wp\/v2\/posts\/1574\/revisions\/2692"}],"wp:featuredmedia":[{"embeddable":true,"href":"https:\/\/eec.cat\/blog\/wp-json\/wp\/v2\/media\/1598"}],"wp:attachment":[{"href":"https:\/\/eec.cat\/blog\/wp-json\/wp\/v2\/media?parent=1574"}],"wp:term":[{"taxonomy":"category","embeddable":true,"href":"https:\/\/eec.cat\/blog\/wp-json\/wp\/v2\/categories?post=1574"},{"taxonomy":"post_tag","embeddable":true,"href":"https:\/\/eec.cat\/blog\/wp-json\/wp\/v2\/tags?post=1574"}],"curies":[{"name":"wp","href":"https:\/\/api.w.org\/{rel}","templated":true}]}}