{"id":1564,"date":"2016-02-15T06:28:02","date_gmt":"2016-02-15T06:28:02","guid":{"rendered":"http:\/\/eec.cat\/blog\/?p=1564"},"modified":"2026-04-05T18:49:19","modified_gmt":"2026-04-05T17:49:19","slug":"dia-a-dia-15-dde-febrer-2016","status":"publish","type":"post","link":"https:\/\/eec.cat\/blog\/dia-a-dia-15-dde-febrer-2016\/","title":{"rendered":"Dia a Dia. 15 de febrer &#8211; 21 de febrer"},"content":{"rendered":"<p><strong><span style=\"text-decoration: underline;\"><span style=\"color: #0000ff; text-decoration: underline;\"><a href=\"http:\/\/eec.cat\/blog\/wp-content\/uploads\/2016\/02\/vistas.jpg\"><img loading=\"lazy\" decoding=\"async\" class=\"alignleft size-thumbnail wp-image-1565\" src=\"http:\/\/eec.cat\/blog\/wp-content\/uploads\/2016\/02\/vistas-150x150.jpg\" alt=\"vistas\" width=\"150\" height=\"150\" \/><\/a>15 de febrer<\/span><\/span><\/strong><\/p>\n<p>G\u00e8nesi 17, 1-7<br \/>\nQue grans s\u00f3n les teves promeses, Senyor, ens mantenen per sempre; ets fidel a la teva paraula i per aix\u00f2 avui podem proclamar que ets el nostre D\u00e9u. Has sortit a buscar al teu poble, tu que el vas formar amb fe i esperan\u00e7a, has ofert la teva salvaci\u00f3 als teus fills i les teves filles, per aix\u00f2 et donem gr\u00e0cies. Volem seguir fems en les teves promeses, guardar-les al cor i esperar-les amb fidelitat.<\/p>\n<p><strong><span style=\"text-decoration: underline;\"><span style=\"color: #0000ff; text-decoration: underline;\">16 de febrer<\/span><\/span><\/strong><\/p>\n<p>Joan 3, 1-17<br \/>\nQuantes vegades Senyor \u00e9s la fosca de la nit que ens acostem a tu per vesar als teus peus les nostres preocupacions, els nostres interrogants; ens agradaria poder entendre tot el que fas, demostrar amb raonaments cadascuna de les teves decisions, per\u00f2 certament no podem fer-ho, per aix\u00f2 et demanem que omplis les nostres vides de la teva saviesa, per estimar i compartir all\u00f2 que has fet a les nostres vides, encara que no sempre et puguem explicar.<\/p>\n<p><strong><span style=\"text-decoration: underline;\"><span style=\"color: #0000ff; text-decoration: underline;\">17 de febrer<\/span><\/span><\/strong><\/p>\n<p>\u00c8xode 17, 1-7<br \/>\nEn mig de les dificultats demanem la teva salvaci\u00f3, per\u00f2 quantes vegades ho fem com una exig\u00e8ncia, com si fos la teva obligaci\u00f3 rescatar-nos dels perills i dels problemes. Senyor, que no oblidem mai que \u00e9s per miseric\u00f2rdia que vius al nostre costat, que per amor has volgut acompanyar-nos. Que en mig del perill veiem la teva m\u00e0 que ens d\u00f3na forces.<\/p>\n<p><strong><span style=\"text-decoration: underline;\"><span style=\"color: #0000ff; text-decoration: underline;\">18 de febrer<\/span><\/span><\/strong><\/p>\n<p>2 Corintis 5, 19-21<br \/>\nPer amor ens ha ofert reconciliaci\u00f3, una nova relaci\u00f3 amb tu que s\u2019ha fet manifesta gr\u00e0cies a la fidelitat i l\u2019amor de Jes\u00fas, en una tasca en mig de la teva creaci\u00f3 que el va portar a patir i a morir. Senyor, fes cr\u00e9ixer en nosaltres la teva llum, perqu\u00e8 tots i totes les que ens envolten puguin trobar el teu amor.<\/p>\n<p><strong><span style=\"text-decoration: underline;\"><span style=\"color: #0000ff; text-decoration: underline;\">19 de febrer<\/span><\/span><\/strong><\/p>\n<p>Ezequiel 37, 1-14<br \/>\nQui, Senyor, pot atorgar vida? El teu Esperit \u00e9s un do meravell\u00f3s, que vivifica les nostres entranyes, volem sentir la seva companyia cada dia, volem que es mostri com una pres\u00e8ncia real en nosaltres. Aixeca\u2019ns de la pols, Senyors, vesa sobre nosaltres una nova vida, compleix la teva paraules en mig del teu poble.<\/p>\n<p><strong><span style=\"text-decoration: underline;\"><span style=\"color: #0000ff; text-decoration: underline;\">20 de febrer<\/span><\/span><\/strong><\/p>\n<p>Joan 4, 5-26<br \/>\nVolem amarar les nostres vides de la teva aigua, clara i fresca, que treu la set de la just\u00edcia, que rega amb pau els nostres conflictes. Volem escoltar la paraula del teu fill, que no solament es diu, sin\u00f3 que crea coses noves, que construeix noves realitats. T\u2019has acostat a nosaltres i guarir les nostres ferides, gr\u00e0cies Senyor.<\/p>\n<p><strong><span style=\"text-decoration: underline;\"><span style=\"color: #0000ff; text-decoration: underline;\">21 de febrer<\/span><\/span><\/strong><\/p>\n<p>Salm 107, 17-22<br \/>\nFes que mai oblidi la teva salvaci\u00f3, fes que el record del teu rescat romangui sempre al meu cor; en l\u2019angoixa vaig cridar-te i tu vas vindre a buscar-me, en el moment de perill vaig acudir a tu, i tu vas respondre\u2019m. Gr\u00e0cies Senyor per el teu amor entranyable que m\u2019acompanya sempre, ho publicar\u00e9 en mig del teu poble, no callar\u00e9 els prodigis que has fet a la meva vida.<\/p>\n","protected":false},"excerpt":{"rendered":"<p>15 de febrer G\u00e8nesi 17, 1-7 Que grans s\u00f3n les teves promeses, Senyor, ens mantenen per sempre; ets fidel a la teva paraula i per aix\u00f2 avui podem proclamar que ets el nostre D\u00e9u. Has sortit a buscar al teu poble, tu que el vas formar amb fe i esperan\u00e7a, has ofert la teva salvaci\u00f3 [&hellip;]<\/p>\n","protected":false},"author":1,"featured_media":1565,"comment_status":"open","ping_status":"open","sticky":false,"template":"","format":"standard","meta":{"_jetpack_memberships_contains_paid_content":false,"footnotes":""},"categories":[7],"tags":[],"class_list":["post-1564","post","type-post","status-publish","format-standard","has-post-thumbnail","hentry","category-meditacions-diaries"],"jetpack_sharing_enabled":true,"jetpack_featured_media_url":"https:\/\/eec.cat\/blog\/wp-content\/uploads\/2016\/02\/vistas.jpg","_links":{"self":[{"href":"https:\/\/eec.cat\/blog\/wp-json\/wp\/v2\/posts\/1564","targetHints":{"allow":["GET"]}}],"collection":[{"href":"https:\/\/eec.cat\/blog\/wp-json\/wp\/v2\/posts"}],"about":[{"href":"https:\/\/eec.cat\/blog\/wp-json\/wp\/v2\/types\/post"}],"author":[{"embeddable":true,"href":"https:\/\/eec.cat\/blog\/wp-json\/wp\/v2\/users\/1"}],"replies":[{"embeddable":true,"href":"https:\/\/eec.cat\/blog\/wp-json\/wp\/v2\/comments?post=1564"}],"version-history":[{"count":2,"href":"https:\/\/eec.cat\/blog\/wp-json\/wp\/v2\/posts\/1564\/revisions"}],"predecessor-version":[{"id":2695,"href":"https:\/\/eec.cat\/blog\/wp-json\/wp\/v2\/posts\/1564\/revisions\/2695"}],"wp:featuredmedia":[{"embeddable":true,"href":"https:\/\/eec.cat\/blog\/wp-json\/wp\/v2\/media\/1565"}],"wp:attachment":[{"href":"https:\/\/eec.cat\/blog\/wp-json\/wp\/v2\/media?parent=1564"}],"wp:term":[{"taxonomy":"category","embeddable":true,"href":"https:\/\/eec.cat\/blog\/wp-json\/wp\/v2\/categories?post=1564"},{"taxonomy":"post_tag","embeddable":true,"href":"https:\/\/eec.cat\/blog\/wp-json\/wp\/v2\/tags?post=1564"}],"curies":[{"name":"wp","href":"https:\/\/api.w.org\/{rel}","templated":true}]}}